{"id":8745,"date":"2024-03-07T20:14:40","date_gmt":"2024-03-07T20:14:40","guid":{"rendered":"https:\/\/ladepeche.mr\/?p=8745"},"modified":"2024-03-07T20:24:53","modified_gmt":"2024-03-07T20:24:53","slug":"rim-ue-la-commission-europeenne-lance-un-nouveau-partenariat-en-matiere-de-migration-avec-la-mauritanie-communique-de-presse","status":"publish","type":"post","link":"https:\/\/ladepeche.mr\/?p=8745","title":{"rendered":"RIM-UE: La Commission europ\u00e9enne lance un nouveau partenariat en mati\u00e8re de migration avec la Mauritanie (communiqu\u00e9 de presse)"},"content":{"rendered":"<p>Aujourd&#8217;hui, l&#8217;Union europ\u00e9enne renforce la coop\u00e9ration entre l&#8217;UE et la Mauritanie en lan\u00e7ant un partenariat et un dialogue en mati\u00e8re de migration. La commissaire aux affaires int\u00e9rieures, Ylva Johansson, et le ministre mauritanien de l&#8217;int\u00e9rieur et de la d\u00e9centralisation, Mohamed Ahmed Ould Mohamed Lemine, ont sign\u00e9 une d\u00e9claration conjointe lan\u00e7ant un partenariat UE-Mauritanie en mati\u00e8re de migration.<\/p>\n<p>La commissaire se rendra \u00e0 Nouakchott, dans le cadre d&#8217;une approche \u00ab\u00c9quipe Europe\u00bb, avec le ministre espagnol de l&#8217;int\u00e9rieur, Fernando Grande-Marlaska, et la secr\u00e9taire d&#8217;\u00c9tat belge \u00e0 l&#8217;asile et \u00e0 la migration, Nicole de Moor, qui repr\u00e9sente la pr\u00e9sidence belge du Conseil. \u00c0 cette occasion, la commissaire rencontrera le pr\u00e9sident mauritanien, Mohamed Ould Ghazouani. <\/p>\n<p>Le lancement du partenariat fait suite \u00e0 la visite de la pr\u00e9sidente Ursula von der Leyen dans le pays en f\u00e9vrier, lors de laquelle elle a annonc\u00e9 la mobilisation de 210 millions d&#8217;EUR en faveur de la Mauritanie. Comme l&#8217;a d\u00e9clar\u00e9 la pr\u00e9sidente von der Leyen, l&#8217;Union europ\u00e9enne et la Mauritanie doivent accro\u00eetre les possibilit\u00e9s offertes aux jeunes. Le financement permettra de soutenir la gestion des migrations, y compris la lutte contre le trafic de migrants, et de promouvoir la s\u00e9curit\u00e9 et la stabilit\u00e9, l&#8217;aide humanitaire en faveur des r\u00e9fugi\u00e9s et le soutien aux communaut\u00e9s d&#8217;accueil. Il permettra \u00e9galement de soutenir les initiatives \u00abGlobal Gateway\u00bb, y compris des investissements, des infrastructures et des cr\u00e9ations d&#8217;emplois, principalement dans le domaine de l&#8217;\u00e9nergie.<\/p>\n<p>Ce partenariat en mati\u00e8re de migration avec la Mauritanie \u00e9tablit une coop\u00e9ration fond\u00e9e sur la solidarit\u00e9, la responsabilit\u00e9 partag\u00e9e et le respect des droits humains fondamentaux. Il repose sur cinq piliers:<\/p>\n<p>1-Cr\u00e9ation de perspectives d&#8217;emploi: en renfor\u00e7ant l&#8217;acc\u00e8s \u00e0 la formation professionnelle et l&#8217;acc\u00e8s au financement pour les entreprises et en am\u00e9liorant les aptitudes et les comp\u00e9tences des jeunes Mauritaniens, en particulier les femmes.<br \/>\nProtection et asile: en appuyant les efforts de la Mauritanie pour faire face \u00e0 l&#8217;arriv\u00e9e de r\u00e9fugi\u00e9s, en commen\u00e7ant par les capacit\u00e9s d&#8217;accueil destin\u00e9es \u00e0 prot\u00e9ger les plus vuln\u00e9rables. <\/p>\n<p>2.Promotion de la migration l\u00e9gale: en encourageant la mobilit\u00e9, notamment celle des \u00e9tudiants, des chercheurs et des entrepreneurs, ainsi qu&#8217;en \u00e9tudiant encore comment renforcer la mobilit\u00e9 circulaire et l&#8217;acc\u00e8s au march\u00e9 de l&#8217;emploi de l&#8217;UE pour les Mauritaniens vivant en Europe et les aider \u00e0 s&#8217;int\u00e9grer.<\/p>\n<p>3. Renforcement de la coop\u00e9ration pour pr\u00e9venir la migration irr\u00e9guli\u00e8re: l&#8217;objectif est de lutter contre le trafic de migrants et la traite des \u00eatres humains, en prot\u00e9geant les victimes, au moyen d&#8217;enqu\u00eates conjointes, d&#8217;une s\u00e9curit\u00e9 renforc\u00e9e et d&#8217;une coop\u00e9ration op\u00e9rationnelle. La coop\u00e9ration sera \u00e9galement renforc\u00e9e en mati\u00e8re de retour et de r\u00e9admission en ce qui concerne les Mauritaniens en s\u00e9jour irr\u00e9gulier dans l&#8217;UE, dans le respect de leurs droits et de leur dignit\u00e9.<br \/>\n4. Renforcement de la gestion des fronti\u00e8res: en intensifiant la coop\u00e9ration en mati\u00e8re d&#8217;op\u00e9rations de recherche et de sauvetage et en accroissant les capacit\u00e9s des autorit\u00e9s charg\u00e9es de la gestion des fronti\u00e8res, notamment gr\u00e2ce \u00e0 une coop\u00e9ration renforc\u00e9e avec Frontex, en particulier en ce qui concerne la formation et les \u00e9quipements.<\/p>\n<p><strong>Prochaines \u00e9tapes<\/strong><\/p>\n<p>La Commission collaborera avec ses homologues mauritaniens pour mettre en \u0153uvre la d\u00e9claration commune. L&#8217;Union et la Mauritanie mettront en place un plan d&#8217;action pour assurer la coordination et orienter la coop\u00e9ration op\u00e9rationnelle au titre de la d\u00e9claration commune.<\/p>\n<p><strong>Contexte<\/strong><\/p>\n<p>La Mauritanie est un partenaire strat\u00e9gique de l&#8217;UE. Le partenariat global UE-Mauritanie a \u00e9t\u00e9 renforc\u00e9 ces derni\u00e8res ann\u00e9es. Il s&#8217;agit d&#8217;un partenariat solide qui concerne les investissements, le climat, la jeunesse et le d\u00e9veloppement socio-\u00e9conomique dans tous leurs aspects. Il repose sur le dialogue politique, les relations \u00e9conomiques et commerciales et la coop\u00e9ration dans de nombreux domaines, dont la migration. <\/p>\n<p>En octobre 2023, le vice-pr\u00e9sident Margaritis Schinas s&#8217;est \u00e9galement rendu en Mauritanie pour renforcer le partenariat entre ce pays et l&#8217;Union europ\u00e9enne en se fondant sur le dialogue politique, les relations \u00e9conomiques et commerciales et la coop\u00e9ration. Ce voyage a eu lieu dans le cadre d&#8217;une approche \u00ab\u00c9quipe Europe\u00bb visant \u00e0 renforcer la coop\u00e9ration de longue date avec la Mauritanie.<\/p>\n<p>Source https:\/\/ec.europa.eu\/commission\/presscorner\/detail\/fr\/ip_24_1335<\/p>\n","protected":false},"excerpt":{"rendered":"<p>Aujourd&#8217;hui, l&#8217;Union europ\u00e9enne renforce la coop\u00e9ration entre l&#8217;UE et la Mauritanie en lan\u00e7ant un partenariat et un dialogue en mati\u00e8re de migration. La commissaire aux affaires int\u00e9rieures, Ylva Johansson, et le ministre mauritanien de l&#8217;int\u00e9rieur et de la d\u00e9centralisation, Mohamed Ahmed Ould Mohamed Lemine, ont sign\u00e9 une d\u00e9claration conjointe lan\u00e7ant un partenariat UE-Mauritanie en mati\u00e8re &hellip;<\/p>\n","protected":false},"author":2,"featured_media":8747,"comment_status":"open","ping_status":"open","sticky":false,"template":"","format":"standard","meta":{"footnotes":""},"categories":[18,2,29,19],"tags":[],"class_list":["post-8745","post","type-post","status-publish","format-standard","has-post-thumbnail","hentry","category-actualites","category-economie","category-monde","category-tribune"],"_links":{"self":[{"href":"https:\/\/ladepeche.mr\/index.php?rest_route=\/wp\/v2\/posts\/8745","targetHints":{"allow":["GET"]}}],"collection":[{"href":"https:\/\/ladepeche.mr\/index.php?rest_route=\/wp\/v2\/posts"}],"about":[{"href":"https:\/\/ladepeche.mr\/index.php?rest_route=\/wp\/v2\/types\/post"}],"author":[{"embeddable":true,"href":"https:\/\/ladepeche.mr\/index.php?rest_route=\/wp\/v2\/users\/2"}],"replies":[{"embeddable":true,"href":"https:\/\/ladepeche.mr\/index.php?rest_route=%2Fwp%2Fv2%2Fcomments&post=8745"}],"version-history":[{"count":1,"href":"https:\/\/ladepeche.mr\/index.php?rest_route=\/wp\/v2\/posts\/8745\/revisions"}],"predecessor-version":[{"id":8748,"href":"https:\/\/ladepeche.mr\/index.php?rest_route=\/wp\/v2\/posts\/8745\/revisions\/8748"}],"wp:featuredmedia":[{"embeddable":true,"href":"https:\/\/ladepeche.mr\/index.php?rest_route=\/wp\/v2\/media\/8747"}],"wp:attachment":[{"href":"https:\/\/ladepeche.mr\/index.php?rest_route=%2Fwp%2Fv2%2Fmedia&parent=8745"}],"wp:term":[{"taxonomy":"category","embeddable":true,"href":"https:\/\/ladepeche.mr\/index.php?rest_route=%2Fwp%2Fv2%2Fcategories&post=8745"},{"taxonomy":"post_tag","embeddable":true,"href":"https:\/\/ladepeche.mr\/index.php?rest_route=%2Fwp%2Fv2%2Ftags&post=8745"}],"curies":[{"name":"wp","href":"https:\/\/api.w.org\/{rel}","templated":true}]}}