{"id":8749,"date":"2024-03-07T20:24:02","date_gmt":"2024-03-07T20:24:02","guid":{"rendered":"https:\/\/ladepeche.mr\/?p=8749"},"modified":"2024-03-07T20:24:02","modified_gmt":"2024-03-07T20:24:02","slug":"cette-declaration-conjointe-de-lue-et-de-la-mauritanie-vise-a-renforcer-notre-partenariat-global-en-matiere-de-migration-et-a-ouvrir-des-perspectives-economiques-y-johansson","status":"publish","type":"post","link":"https:\/\/ladepeche.mr\/?p=8749","title":{"rendered":"\u00abCette d\u00e9claration conjointe de l\u2019UE et de la Mauritanie vise \u00e0 renforcer notre partenariat global en mati\u00e8re de migration et \u00e0 ouvrir des perspectives \u00e9conomiques.\u00bb Y. Johansson"},"content":{"rendered":"<p>La signature aujourd\u2019hui d\u2019une d\u00e9claration conjointe de l\u2019UE et de la Mauritanie fait suite \u00e0 l\u2019important voyage que la pr\u00e9sidente de la Commission, (Mme Ursula) von der Leyen, et le Premier ministre espagnol, M. S\u00e1nchez, ont r\u00e9cemment fait dans ce pays, partenaire strat\u00e9gique dans la r\u00e9gion du Sahel. Cette d\u00e9claration conjointe de l\u2019UE et de la Mauritanie vise \u00e0 renforcer notre partenariat global en mati\u00e8re de migration et \u00e0 ouvrir des perspectives \u00e9conomiques. Cela nous permettra de renforcer nos efforts communs pour lutter contre les passeurs et sauver des vies dans le cadre de notre Alliance mondiale. \u00c0 cet \u00e9gard, la Mauritanie a d\u00e9j\u00e0 accompli un excellent travail pour d\u00e9manteler le mod\u00e8le \u00e9conomique des passeurs. La pr\u00e9sence aujourd\u2019hui du gouvernement espagnol et de la pr\u00e9sidence belge t\u00e9moigne de l\u2019engagement profond et uni de l\u2019UE. Lorsque je suis venue ici en 2020, j\u2019ai visit\u00e9 Nouadhibou. J\u2019y ai vu les embarcations utilis\u00e9es pour tenter d\u2019atteindre les \u00eeles Canaries. Je dis bien \u00abtenter\u00bb, car c\u2019est sur cette route de 800 kilom\u00e8tres qu\u2019ont lieu le plus de d\u00e9c\u00e8s et de trag\u00e9dies. La Mauritanie fait un excellent travail pour accueillir les r\u00e9fugi\u00e9s fuyant les conflits voisins.<br \/>\nYlva Johansson, commissaire aux affaires int\u00e9rieures<br \/>\nhttps:\/\/ec.europa.eu\/commission\/presscorner\/detail\/fr\/ip_24_1335<\/p>\n<p>NB : Le titre est donn\u00e9 par La D\u00e9p\u00eache<\/p>\n","protected":false},"excerpt":{"rendered":"<p>La signature aujourd\u2019hui d\u2019une d\u00e9claration conjointe de l\u2019UE et de la Mauritanie fait suite \u00e0 l\u2019important voyage que la pr\u00e9sidente de la Commission, (Mme Ursula) von der Leyen, et le Premier ministre espagnol, M. S\u00e1nchez, ont r\u00e9cemment fait dans ce pays, partenaire strat\u00e9gique dans la r\u00e9gion du Sahel. Cette d\u00e9claration conjointe de l\u2019UE et de &hellip;<\/p>\n","protected":false},"author":2,"featured_media":8750,"comment_status":"open","ping_status":"open","sticky":false,"template":"","format":"standard","meta":{"footnotes":""},"categories":[18,29],"tags":[],"class_list":["post-8749","post","type-post","status-publish","format-standard","has-post-thumbnail","hentry","category-actualites","category-monde"],"_links":{"self":[{"href":"https:\/\/ladepeche.mr\/index.php?rest_route=\/wp\/v2\/posts\/8749","targetHints":{"allow":["GET"]}}],"collection":[{"href":"https:\/\/ladepeche.mr\/index.php?rest_route=\/wp\/v2\/posts"}],"about":[{"href":"https:\/\/ladepeche.mr\/index.php?rest_route=\/wp\/v2\/types\/post"}],"author":[{"embeddable":true,"href":"https:\/\/ladepeche.mr\/index.php?rest_route=\/wp\/v2\/users\/2"}],"replies":[{"embeddable":true,"href":"https:\/\/ladepeche.mr\/index.php?rest_route=%2Fwp%2Fv2%2Fcomments&post=8749"}],"version-history":[{"count":1,"href":"https:\/\/ladepeche.mr\/index.php?rest_route=\/wp\/v2\/posts\/8749\/revisions"}],"predecessor-version":[{"id":8751,"href":"https:\/\/ladepeche.mr\/index.php?rest_route=\/wp\/v2\/posts\/8749\/revisions\/8751"}],"wp:featuredmedia":[{"embeddable":true,"href":"https:\/\/ladepeche.mr\/index.php?rest_route=\/wp\/v2\/media\/8750"}],"wp:attachment":[{"href":"https:\/\/ladepeche.mr\/index.php?rest_route=%2Fwp%2Fv2%2Fmedia&parent=8749"}],"wp:term":[{"taxonomy":"category","embeddable":true,"href":"https:\/\/ladepeche.mr\/index.php?rest_route=%2Fwp%2Fv2%2Fcategories&post=8749"},{"taxonomy":"post_tag","embeddable":true,"href":"https:\/\/ladepeche.mr\/index.php?rest_route=%2Fwp%2Fv2%2Ftags&post=8749"}],"curies":[{"name":"wp","href":"https:\/\/api.w.org\/{rel}","templated":true}]}}