{"id":8759,"date":"2024-03-08T10:52:32","date_gmt":"2024-03-08T10:52:32","guid":{"rendered":"https:\/\/ladepeche.mr\/?p=8759"},"modified":"2024-03-08T11:07:26","modified_gmt":"2024-03-08T11:07:26","slug":"rfd-ahmed-oud-daddah-au-secours-de-me-yacoub-diallo","status":"publish","type":"post","link":"https:\/\/ladepeche.mr\/?p=8759","title":{"rendered":"RFD : Ahmed Oud Daddah au secours de Me Yacoub Diallo"},"content":{"rendered":"<p>Le pr\u00e9sident du Rassemblement des Forces D\u00e9mocratiques, Ahmed Ould Daddah, leader charismatique de l\u2019Opposition politique en Mauritanie, semble jeter son d\u00e9volu sur Me Yacoud Diallo, originaire de Boutilimitt et son compagnon de premi\u00e8re heure, pour pr\u00e9sider aux destin\u00e9es du parti.<br \/>\nLe pr\u00e9sident, Ahmed Ould Daddah, n\u2019a en tout cas pas manqu\u00e9 de le rappeler dans un communiqu\u00e9 publi\u00e9 par ses soins afin d\u2019\u00e9touffer le feu qui couve au sein du parti et pour mettre fin \u00e0 toute vell\u00e9it\u00e9 de contestation du leadership de Me Yacoub Diallo ou des d\u00e9cisions qu\u2019il pourrait prendre \u00e0 l\u2019avenir au nom du parti.<br \/>\nAbsent de la sc\u00e8ne nationale pour raison de sant\u00e9, \u00e0 la veille de la future \u00e9lection pr\u00e9sidentielle de juin 2024, et alors que son parti est membre du \u00abPacte R\u00e9publicain\u00bb, le pr\u00e9sident du RFD a confirm\u00e9 cette confiance \u00e0 son fid\u00e8le lieutenant Me Yacoub Diallo en publiant un communiqu\u00e9 dans lequel il r\u00e9v\u00e8le qu\u2019il lui a donn\u00e9 mandat pour diriger le parti en son absence.<br \/>\nLe pr\u00e9sident du parti du RFD note, par ailleurs, que l\u2019appartenance de son parti au \u00ab Pacte R\u00e9publicain \u00bb, dirig\u00e9 par le parti au pouvoir \u00ab Insaf \u00bb et comprenant \u00e9galement, l\u2019UFP de Mohamed Ould Maouloud, \u00e9tait un choix strat\u00e9gique pour le RFD faisant \u00ab partie de la ligne politique du parti \u00bb pour aider \u00e0 \u00abdes solutions consensuelles aux probl\u00e8mes auxquels le pays est confront\u00e9 \u00bb.<br \/>\nLe pr\u00e9sident du RFD a enfin mis en garde contre \u00ab tout acte ou d\u00e9claration publi\u00e9e au nom du RFD, sans autorisation de la Direction du parti \u00bb les consid\u00e9rant nuls et non avenues.<br \/>\nUne d\u00e9claration attribu\u00e9e \u00e0 la commission politique du parti qui avait attaqu\u00e9 une d\u00e9cision du pr\u00e9sident Ahmed Ould Daddah confiant, en janvier 2024, l\u2019int\u00e9rim de la direction du parti \u00e0 Me Yacoub Diallo.<\/p>\n<p>A rappeler que le RFD avait \u00e9t\u00e9 lamin\u00e9 lors des derni\u00e8res \u00e9lections g\u00e9n\u00e9rales ne r\u00e9ussissant pas \u00e0 \u00e9lire un d\u00e9put\u00e9 ; situation qu\u2019il a expliqu\u00e9 par la gestion et l\u2019organisation de ces \u00e9lections par la CENI. <\/p>\n","protected":false},"excerpt":{"rendered":"<p>Le pr\u00e9sident du Rassemblement des Forces D\u00e9mocratiques, Ahmed Ould Daddah, leader charismatique de l\u2019Opposition politique en Mauritanie, semble jeter son d\u00e9volu sur Me Yacoud Diallo, originaire de Boutilimitt et son compagnon de premi\u00e8re heure, pour pr\u00e9sider aux destin\u00e9es du parti. Le pr\u00e9sident, Ahmed Ould Daddah, n\u2019a en tout cas pas manqu\u00e9 de le rappeler dans &hellip;<\/p>\n","protected":false},"author":2,"featured_media":8761,"comment_status":"open","ping_status":"open","sticky":false,"template":"","format":"standard","meta":{"footnotes":""},"categories":[18,31],"tags":[],"class_list":["post-8759","post","type-post","status-publish","format-standard","has-post-thumbnail","hentry","category-actualites","category-politique-et-reportages"],"_links":{"self":[{"href":"https:\/\/ladepeche.mr\/index.php?rest_route=\/wp\/v2\/posts\/8759","targetHints":{"allow":["GET"]}}],"collection":[{"href":"https:\/\/ladepeche.mr\/index.php?rest_route=\/wp\/v2\/posts"}],"about":[{"href":"https:\/\/ladepeche.mr\/index.php?rest_route=\/wp\/v2\/types\/post"}],"author":[{"embeddable":true,"href":"https:\/\/ladepeche.mr\/index.php?rest_route=\/wp\/v2\/users\/2"}],"replies":[{"embeddable":true,"href":"https:\/\/ladepeche.mr\/index.php?rest_route=%2Fwp%2Fv2%2Fcomments&post=8759"}],"version-history":[{"count":4,"href":"https:\/\/ladepeche.mr\/index.php?rest_route=\/wp\/v2\/posts\/8759\/revisions"}],"predecessor-version":[{"id":8764,"href":"https:\/\/ladepeche.mr\/index.php?rest_route=\/wp\/v2\/posts\/8759\/revisions\/8764"}],"wp:featuredmedia":[{"embeddable":true,"href":"https:\/\/ladepeche.mr\/index.php?rest_route=\/wp\/v2\/media\/8761"}],"wp:attachment":[{"href":"https:\/\/ladepeche.mr\/index.php?rest_route=%2Fwp%2Fv2%2Fmedia&parent=8759"}],"wp:term":[{"taxonomy":"category","embeddable":true,"href":"https:\/\/ladepeche.mr\/index.php?rest_route=%2Fwp%2Fv2%2Fcategories&post=8759"},{"taxonomy":"post_tag","embeddable":true,"href":"https:\/\/ladepeche.mr\/index.php?rest_route=%2Fwp%2Fv2%2Ftags&post=8759"}],"curies":[{"name":"wp","href":"https:\/\/api.w.org\/{rel}","templated":true}]}}