{"id":8780,"date":"2024-03-09T18:05:40","date_gmt":"2024-03-09T18:05:40","guid":{"rendered":"https:\/\/ladepeche.mr\/?p=8780"},"modified":"2024-03-09T18:05:40","modified_gmt":"2024-03-09T18:05:40","slug":"le-president-de-la-republique-president-en-exercice-de-lua-salue-le-denouement-heureux-de-la-crise-politique-au-senegal","status":"publish","type":"post","link":"https:\/\/ladepeche.mr\/?p=8780","title":{"rendered":"Le Pr\u00e9sident de la R\u00e9publique, Pr\u00e9sident en exercice de l\u2019UA salue le d\u00e9nouement heureux de la crise politique au S\u00e9n\u00e9gal"},"content":{"rendered":"<p>Son Excellence le Pr\u00e9sident de la R\u00e9publique, Pr\u00e9sident en exercice de l\u2019Union Africaine, Monsieur Mohamed Ould Cheikh El Ghazouani, a salu\u00e9 aujourd\u2019hui, samedi, le d\u00e9nouement heureux de la crise politique au S\u00e9n\u00e9gal et a appel\u00e9 tous les candidats et les parties prenantes \u00e0 consolider cette dynamique constructive pour la tenue d\u2019\u00e9lections libres, transparentes et apais\u00e9es.<\/p>\n<p>Voici le texte int\u00e9gral de la d\u00e9claration de Son Excellence le Pr\u00e9sident de la R\u00e9publique :<\/p>\n<p>\u201cJe salue le d\u00e9nouement heureux de la crise politique au S\u00e9n\u00e9gal avec la fixation, par le Pr\u00e9sident de la R\u00e9publique, de la date de l\u2019\u00e9lection pr\u00e9sidentielle pour le 24 mars 2024, valid\u00e9e par le Conseil constitutionnel.<\/p>\n<p>Cela t\u00e9moigne de l\u2019ancrage d\u00e9mocratique du S\u00e9n\u00e9gal et de la solidit\u00e9 de ses institutions.<br \/>\nJ\u2019appelle tous les candidats et autres parties prenantes, y compris la soci\u00e9t\u00e9 civile, \u00e0 consolider cette dynamique constructive pour la tenue d\u2019\u00e9lections libres, transparentes et apais\u00e9es.\u201d<br \/>\nAmi<\/p>\n","protected":false},"excerpt":{"rendered":"<p>Son Excellence le Pr\u00e9sident de la R\u00e9publique, Pr\u00e9sident en exercice de l\u2019Union Africaine, Monsieur Mohamed Ould Cheikh El Ghazouani, a salu\u00e9 aujourd\u2019hui, samedi, le d\u00e9nouement heureux de la crise politique au S\u00e9n\u00e9gal et a appel\u00e9 tous les candidats et les parties prenantes \u00e0 consolider cette dynamique constructive pour la tenue d\u2019\u00e9lections libres, transparentes et apais\u00e9es. &hellip;<\/p>\n","protected":false},"author":2,"featured_media":8781,"comment_status":"open","ping_status":"open","sticky":false,"template":"","format":"standard","meta":{"footnotes":""},"categories":[18,29],"tags":[],"class_list":["post-8780","post","type-post","status-publish","format-standard","has-post-thumbnail","hentry","category-actualites","category-monde"],"_links":{"self":[{"href":"https:\/\/ladepeche.mr\/index.php?rest_route=\/wp\/v2\/posts\/8780","targetHints":{"allow":["GET"]}}],"collection":[{"href":"https:\/\/ladepeche.mr\/index.php?rest_route=\/wp\/v2\/posts"}],"about":[{"href":"https:\/\/ladepeche.mr\/index.php?rest_route=\/wp\/v2\/types\/post"}],"author":[{"embeddable":true,"href":"https:\/\/ladepeche.mr\/index.php?rest_route=\/wp\/v2\/users\/2"}],"replies":[{"embeddable":true,"href":"https:\/\/ladepeche.mr\/index.php?rest_route=%2Fwp%2Fv2%2Fcomments&post=8780"}],"version-history":[{"count":1,"href":"https:\/\/ladepeche.mr\/index.php?rest_route=\/wp\/v2\/posts\/8780\/revisions"}],"predecessor-version":[{"id":8782,"href":"https:\/\/ladepeche.mr\/index.php?rest_route=\/wp\/v2\/posts\/8780\/revisions\/8782"}],"wp:featuredmedia":[{"embeddable":true,"href":"https:\/\/ladepeche.mr\/index.php?rest_route=\/wp\/v2\/media\/8781"}],"wp:attachment":[{"href":"https:\/\/ladepeche.mr\/index.php?rest_route=%2Fwp%2Fv2%2Fmedia&parent=8780"}],"wp:term":[{"taxonomy":"category","embeddable":true,"href":"https:\/\/ladepeche.mr\/index.php?rest_route=%2Fwp%2Fv2%2Fcategories&post=8780"},{"taxonomy":"post_tag","embeddable":true,"href":"https:\/\/ladepeche.mr\/index.php?rest_route=%2Fwp%2Fv2%2Ftags&post=8780"}],"curies":[{"name":"wp","href":"https:\/\/api.w.org\/{rel}","templated":true}]}}