{"id":8802,"date":"2024-03-12T13:00:20","date_gmt":"2024-03-12T13:00:20","guid":{"rendered":"https:\/\/ladepeche.mr\/?p=8802"},"modified":"2024-03-12T13:00:59","modified_gmt":"2024-03-12T13:00:59","slug":"election-presidentielle-au-senegal-ghazouani-president-en-exercice-de-lua-exhorte-les-candidats-a-transcender-leurs-querelles","status":"publish","type":"post","link":"https:\/\/ladepeche.mr\/?p=8802","title":{"rendered":"Election pr\u00e9sidentielle au S\u00e9n\u00e9gal : Ghazouani, pr\u00e9sident en exercice de l&#8217;UA, exhorte les 19 candidats \u00e0 transcender leurs querelles"},"content":{"rendered":"<p>Le pr\u00e9sident de la R\u00e9publique, Mohamed Ould Cheikh El Ghazouani, pr\u00e9sident en exercice de l&#8217;Union Africaine, a salu\u00e9 &#8220;le d\u00e9nouement heureux&#8221; de la crise politique au S\u00e9n\u00e9gal. <\/p>\n<p>&#8220;Cela t\u00e9moigne  de l&#8217;ancrage d\u00e9mocratique du S\u00e9n\u00e9gal et de la solidit\u00e9 de ses institutions&#8221;, a soulign\u00e9 le pr\u00e9sident de la R\u00e9publique et pr\u00e9sident de l&#8217;UA. De plus. Le pr\u00e9sident Ghazouani se f\u00e9licitait ainsi de la date retenue pour la future \u00e9lection pr\u00e9sidentielle, le 24 mars prochain. Macky Sall devrait cependant assurer son mandat jusqu&#8217;au 2 avril 2024 sortant ainsi son pays des affres de l&#8217;incertitude politique en mettant fin \u00e0 plusieurs mois d&#8217;\u00e9bullition politique dans le pays. Le pr\u00e9sident en exercice de l&#8217;Ua, Mohamed Ould Ghazouani, a en outre exhort\u00e9 tous les acteurs politiques \u00e0 mettre les int\u00e9r\u00eats du pays au-dessus des leurs pour &#8220;consolider cette dynamique constructive pour la tenue d&#8217;\u00e9lections libres, transparentes et apais\u00e9es&#8221;.<\/p>\n<p>La campagne \u00e9lectorale pour d\u00e9partager 19 candidatures valid\u00e9s par le conseil constitutionnel dans le pays se d\u00e9roule du 9 au 22 mars 2024, rappelle-t-on..<\/p>\n","protected":false},"excerpt":{"rendered":"<p>Le pr\u00e9sident de la R\u00e9publique, Mohamed Ould Cheikh El Ghazouani, pr\u00e9sident en exercice de l&#8217;Union Africaine, a salu\u00e9 &#8220;le d\u00e9nouement heureux&#8221; de la crise politique au S\u00e9n\u00e9gal. &#8220;Cela t\u00e9moigne de l&#8217;ancrage d\u00e9mocratique du S\u00e9n\u00e9gal et de la solidit\u00e9 de ses institutions&#8221;, a soulign\u00e9 le pr\u00e9sident de la R\u00e9publique et pr\u00e9sident de l&#8217;UA. De plus. Le &hellip;<\/p>\n","protected":false},"author":2,"featured_media":8437,"comment_status":"open","ping_status":"open","sticky":false,"template":"","format":"standard","meta":{"footnotes":""},"categories":[18,29],"tags":[],"class_list":["post-8802","post","type-post","status-publish","format-standard","has-post-thumbnail","hentry","category-actualites","category-monde"],"_links":{"self":[{"href":"https:\/\/ladepeche.mr\/index.php?rest_route=\/wp\/v2\/posts\/8802","targetHints":{"allow":["GET"]}}],"collection":[{"href":"https:\/\/ladepeche.mr\/index.php?rest_route=\/wp\/v2\/posts"}],"about":[{"href":"https:\/\/ladepeche.mr\/index.php?rest_route=\/wp\/v2\/types\/post"}],"author":[{"embeddable":true,"href":"https:\/\/ladepeche.mr\/index.php?rest_route=\/wp\/v2\/users\/2"}],"replies":[{"embeddable":true,"href":"https:\/\/ladepeche.mr\/index.php?rest_route=%2Fwp%2Fv2%2Fcomments&post=8802"}],"version-history":[{"count":2,"href":"https:\/\/ladepeche.mr\/index.php?rest_route=\/wp\/v2\/posts\/8802\/revisions"}],"predecessor-version":[{"id":8804,"href":"https:\/\/ladepeche.mr\/index.php?rest_route=\/wp\/v2\/posts\/8802\/revisions\/8804"}],"wp:featuredmedia":[{"embeddable":true,"href":"https:\/\/ladepeche.mr\/index.php?rest_route=\/wp\/v2\/media\/8437"}],"wp:attachment":[{"href":"https:\/\/ladepeche.mr\/index.php?rest_route=%2Fwp%2Fv2%2Fmedia&parent=8802"}],"wp:term":[{"taxonomy":"category","embeddable":true,"href":"https:\/\/ladepeche.mr\/index.php?rest_route=%2Fwp%2Fv2%2Fcategories&post=8802"},{"taxonomy":"post_tag","embeddable":true,"href":"https:\/\/ladepeche.mr\/index.php?rest_route=%2Fwp%2Fv2%2Ftags&post=8802"}],"curies":[{"name":"wp","href":"https:\/\/api.w.org\/{rel}","templated":true}]}}