{"id":8805,"date":"2024-03-12T13:11:24","date_gmt":"2024-03-12T13:11:24","guid":{"rendered":"https:\/\/ladepeche.mr\/?p=8805"},"modified":"2024-03-12T13:11:24","modified_gmt":"2024-03-12T13:11:24","slug":"dans-la-bande-de-gaza-la-population-meurt-de-faim-et-de-soif","status":"publish","type":"post","link":"https:\/\/ladepeche.mr\/?p=8805","title":{"rendered":"Dans la bande de Gaza, &#8220;la population meurt de faim et de soif&#8221;"},"content":{"rendered":"<p>De retour d&#8217;une mission humanitaire, Chems-Eddine Bouchakour, m\u00e9decin anesth\u00e9siste-r\u00e9animateur, livre son t\u00e9moignage \u00e0 France 24. L&#8217;arm\u00e9e am\u00e9ricaine a d\u00e9p\u00each\u00e9 un navire pour envoyer de l&#8217;aide \u00e0 Gaza, a annonc\u00e9 dimanche le Commandement central am\u00e9ricain, pr\u00e9cisant que ce bateau &#8220;transporte les premiers \u00e9quipements n\u00e9cessaires \u00e0 la mise en place d&#8217;un port temporaire pour acheminer des fournitures humanitaires vitales&#8221;. Voici le fil du 10 mars 2024.<\/p>\n<p><strong>L&#8217;essentiel \u00e0 retenir<\/strong><br \/>\nL&#8217;arm\u00e9e am\u00e9ricaine a d\u00e9p\u00each\u00e9 un navire pour envoyer de l&#8217;aide humanitaire \u00e0 Gaza, a annonc\u00e9 dimanche le Commandement central am\u00e9ricain (Centcom), qui a pr\u00e9cis\u00e9 que ce bateau &#8220;transporte les premiers \u00e9quipements n\u00e9cessaires \u00e0 la mise en place d&#8217;un port temporaire pour acheminer des fournitures humanitaires vitales&#8221;.<\/p>\n<p>Joe Biden a estim\u00e9 samedi que le Premier ministre isra\u00e9lien Benjamin Netanyahu &#8220;faisait plus de mal que de bien \u00e0 Isra\u00ebl&#8221; avec sa conduite de la guerre \u00e0 Gaza.<\/p>\n<p>Le Hezbollah libanais a dit avoir lanc\u00e9 dimanche matin &#8220;des dizaines de roquettes&#8221; sur le village de Meron, dans le nord d&#8217;Isra\u00ebl, &#8220;en riposte aux agressions isra\u00e9liennes contre les villages du Sud et les maisons des civils&#8221;.<\/p>\n<p>Le minist\u00e8re de la Sant\u00e9 du Hamas a annonc\u00e9 un nouveau bilan de 31 045 personnes tu\u00e9es dans les op\u00e9rations militaires isra\u00e9liennes et les combats dans la bande de Gaza depuis le d\u00e9but de la guerre.<br \/>\nFrance24<\/p>\n","protected":false},"excerpt":{"rendered":"<p>De retour d&#8217;une mission humanitaire, Chems-Eddine Bouchakour, m\u00e9decin anesth\u00e9siste-r\u00e9animateur, livre son t\u00e9moignage \u00e0 France 24. L&#8217;arm\u00e9e am\u00e9ricaine a d\u00e9p\u00each\u00e9 un navire pour envoyer de l&#8217;aide \u00e0 Gaza, a annonc\u00e9 dimanche le Commandement central am\u00e9ricain, pr\u00e9cisant que ce bateau &#8220;transporte les premiers \u00e9quipements n\u00e9cessaires \u00e0 la mise en place d&#8217;un port temporaire pour acheminer des fournitures &hellip;<\/p>\n","protected":false},"author":2,"featured_media":8806,"comment_status":"open","ping_status":"open","sticky":false,"template":"","format":"standard","meta":{"footnotes":""},"categories":[18,29],"tags":[],"class_list":["post-8805","post","type-post","status-publish","format-standard","has-post-thumbnail","hentry","category-actualites","category-monde"],"_links":{"self":[{"href":"https:\/\/ladepeche.mr\/index.php?rest_route=\/wp\/v2\/posts\/8805","targetHints":{"allow":["GET"]}}],"collection":[{"href":"https:\/\/ladepeche.mr\/index.php?rest_route=\/wp\/v2\/posts"}],"about":[{"href":"https:\/\/ladepeche.mr\/index.php?rest_route=\/wp\/v2\/types\/post"}],"author":[{"embeddable":true,"href":"https:\/\/ladepeche.mr\/index.php?rest_route=\/wp\/v2\/users\/2"}],"replies":[{"embeddable":true,"href":"https:\/\/ladepeche.mr\/index.php?rest_route=%2Fwp%2Fv2%2Fcomments&post=8805"}],"version-history":[{"count":1,"href":"https:\/\/ladepeche.mr\/index.php?rest_route=\/wp\/v2\/posts\/8805\/revisions"}],"predecessor-version":[{"id":8807,"href":"https:\/\/ladepeche.mr\/index.php?rest_route=\/wp\/v2\/posts\/8805\/revisions\/8807"}],"wp:featuredmedia":[{"embeddable":true,"href":"https:\/\/ladepeche.mr\/index.php?rest_route=\/wp\/v2\/media\/8806"}],"wp:attachment":[{"href":"https:\/\/ladepeche.mr\/index.php?rest_route=%2Fwp%2Fv2%2Fmedia&parent=8805"}],"wp:term":[{"taxonomy":"category","embeddable":true,"href":"https:\/\/ladepeche.mr\/index.php?rest_route=%2Fwp%2Fv2%2Fcategories&post=8805"},{"taxonomy":"post_tag","embeddable":true,"href":"https:\/\/ladepeche.mr\/index.php?rest_route=%2Fwp%2Fv2%2Ftags&post=8805"}],"curies":[{"name":"wp","href":"https:\/\/api.w.org\/{rel}","templated":true}]}}