{"id":8809,"date":"2024-03-13T00:14:18","date_gmt":"2024-03-13T00:14:18","guid":{"rendered":"https:\/\/ladepeche.mr\/?p=8809"},"modified":"2024-03-13T00:14:18","modified_gmt":"2024-03-13T00:14:18","slug":"college-de-defense-du-sahel-la-croisee-des-chemins","status":"publish","type":"post","link":"https:\/\/ladepeche.mr\/?p=8809","title":{"rendered":"Coll\u00e8ge de d\u00e9fense du Sahel : La crois\u00e9e des chemins !"},"content":{"rendered":"<p>Joyau de la coop\u00e9ration au sein du G5Sahel, le coll\u00e8ge militaire de d\u00e9fense sera-t-il d\u00e9mantel\u00e9 apr\u00e8s l\u2019implosion de l\u2019organisation?<br \/>\nLa question se pose de plus en plus sur l\u2019avenir du coll\u00e8ge militaire du G5S, abrit\u00e9 par Nouakchott, et qui faisait de la Mauritanie la pointe dans le combat contre le terrorisme dans la sous-r\u00e9gion.<br \/>\nCr\u00e9\u00e9 dans le sillage de la mise en place de l\u2019organisation, en 2014, le coll\u00e8ge militaire du G5S subit de plein fouet la crise n\u00e9e du retrait des trois pays, Mali, Burkina et Niger, qui formaient avec le Tchad et la Mauritanie l\u2019organisation commune de d\u00e9fense contre le Djihadisme. Financ\u00e9 \u00e0 hauteur d\u2019environ 1 millions d\u2019euros par an, par plusieurs pays dont la France, aujourd\u2019hui au centre d\u2019une \u00ab r\u00e9bellion\u00bb de ses anciens partenaires d\u00e9missionnaires, le coll\u00e8ge militaire, malgr\u00e9 son jeune \u00e2ge, a pourtant fait ses preuves. Jusqu\u2019ici plusieurs dizaines d\u2019officiers des diff\u00e9rents pays qui constituaient l\u2019ossature du G5S en ont b\u00e9n\u00e9fici\u00e9, gr\u00e2ce \u00e0 une formation professionnelle solide. Il formait, chaque ann\u00e9e, 40 \u00e9l\u00e8ves officiers issus de la sous-r\u00e9gion et d\u00e9tenait un centre de simulation qui lui permettait d\u2019\u00eatre en connexion avec les autres centres de formation diss\u00e9min\u00e9s dans les pays.<br \/>\nLe d\u00e9sagr\u00e9gement de l\u2019organisation relance donc le d\u00e9bat sur l\u2019opportunit\u00e9 de garder ou dissoudre cette structure qui \u00e0 l\u2019origine, faut-il le rappeler, \u00e9tait d\u00e9j\u00e0 en 2013 un projet d\u2019\u00e9cole de formation militaire mauritanienne. Une bonne raison de lui accorder une autre vie !<br \/>\nJD<\/p>\n","protected":false},"excerpt":{"rendered":"<p>Joyau de la coop\u00e9ration au sein du G5Sahel, le coll\u00e8ge militaire de d\u00e9fense sera-t-il d\u00e9mantel\u00e9 apr\u00e8s l\u2019implosion de l\u2019organisation? La question se pose de plus en plus sur l\u2019avenir du coll\u00e8ge militaire du G5S, abrit\u00e9 par Nouakchott, et qui faisait de la Mauritanie la pointe dans le combat contre le terrorisme dans la sous-r\u00e9gion. Cr\u00e9\u00e9 &hellip;<\/p>\n","protected":false},"author":2,"featured_media":8810,"comment_status":"open","ping_status":"open","sticky":false,"template":"","format":"standard","meta":{"footnotes":""},"categories":[18,29,28],"tags":[],"class_list":["post-8809","post","type-post","status-publish","format-standard","has-post-thumbnail","hentry","category-actualites","category-monde","category-sahel"],"_links":{"self":[{"href":"https:\/\/ladepeche.mr\/index.php?rest_route=\/wp\/v2\/posts\/8809","targetHints":{"allow":["GET"]}}],"collection":[{"href":"https:\/\/ladepeche.mr\/index.php?rest_route=\/wp\/v2\/posts"}],"about":[{"href":"https:\/\/ladepeche.mr\/index.php?rest_route=\/wp\/v2\/types\/post"}],"author":[{"embeddable":true,"href":"https:\/\/ladepeche.mr\/index.php?rest_route=\/wp\/v2\/users\/2"}],"replies":[{"embeddable":true,"href":"https:\/\/ladepeche.mr\/index.php?rest_route=%2Fwp%2Fv2%2Fcomments&post=8809"}],"version-history":[{"count":1,"href":"https:\/\/ladepeche.mr\/index.php?rest_route=\/wp\/v2\/posts\/8809\/revisions"}],"predecessor-version":[{"id":8811,"href":"https:\/\/ladepeche.mr\/index.php?rest_route=\/wp\/v2\/posts\/8809\/revisions\/8811"}],"wp:featuredmedia":[{"embeddable":true,"href":"https:\/\/ladepeche.mr\/index.php?rest_route=\/wp\/v2\/media\/8810"}],"wp:attachment":[{"href":"https:\/\/ladepeche.mr\/index.php?rest_route=%2Fwp%2Fv2%2Fmedia&parent=8809"}],"wp:term":[{"taxonomy":"category","embeddable":true,"href":"https:\/\/ladepeche.mr\/index.php?rest_route=%2Fwp%2Fv2%2Fcategories&post=8809"},{"taxonomy":"post_tag","embeddable":true,"href":"https:\/\/ladepeche.mr\/index.php?rest_route=%2Fwp%2Fv2%2Ftags&post=8809"}],"curies":[{"name":"wp","href":"https:\/\/api.w.org\/{rel}","templated":true}]}}