{"id":8813,"date":"2024-03-13T08:30:05","date_gmt":"2024-03-13T08:30:05","guid":{"rendered":"https:\/\/ladepeche.mr\/?p=8813"},"modified":"2024-03-13T00:45:49","modified_gmt":"2024-03-13T00:45:49","slug":"paix-et-resilience-les-jeunes-dans-les-zones-rurales-en-ligne-de-mire","status":"publish","type":"post","link":"https:\/\/ladepeche.mr\/?p=8813","title":{"rendered":"Paix et r\u00e9silience : les jeunes dans les zones rurales en ligne de mire"},"content":{"rendered":"<p>Promouvoir la coh\u00e9sion sociale, cr\u00e9er les conditions d\u2019acc\u00e8s \u00e0 des moyens de subsistance d\u00e9cents au profit des jeunes dans les zones rurales et p\u00e9riurbaines, tels seraient les objectifs d\u2019un nouveau projet annonc\u00e9 par les autorit\u00e9s politiques.<br \/>\nLe projet en question qui serait pilot\u00e9 par la FAO et le BIT devrait contribuer \u00e0 lutter contre la promiscuit\u00e9 \u00e9conomique chez cette frange de la population. Le projet viserait \u00e9galement \u00e0 booster des initiatives \u00e9conomiques viables dans les secteurs porteurs en mati\u00e8re de cr\u00e9ation d\u2019emplois.<br \/>\nAvec la mise en place du projet et en pr\u00e9lude \u00e0 l\u2019intervention, la mise de cet ambitieux projet, les autorit\u00e9s concern\u00e9es et leurs partenaires d\u2019ex\u00e9cution organiseront des d\u2019ateliers, proc\u00e8deront \u00e0 \u00ab l\u2019identification des domaines d\u2019intervention du projet et de la mise en place de comit\u00e9s locaux de suivi \u00bb, souligne-t-on de source officielle.<\/p>\n","protected":false},"excerpt":{"rendered":"<p>Promouvoir la coh\u00e9sion sociale, cr\u00e9er les conditions d\u2019acc\u00e8s \u00e0 des moyens de subsistance d\u00e9cents au profit des jeunes dans les zones rurales et p\u00e9riurbaines, tels seraient les objectifs d\u2019un nouveau projet annonc\u00e9 par les autorit\u00e9s politiques. Le projet en question qui serait pilot\u00e9 par la FAO et le BIT devrait contribuer \u00e0 lutter contre la &hellip;<\/p>\n","protected":false},"author":2,"featured_media":8814,"comment_status":"open","ping_status":"open","sticky":false,"template":"","format":"standard","meta":{"footnotes":""},"categories":[18,2],"tags":[],"class_list":["post-8813","post","type-post","status-publish","format-standard","has-post-thumbnail","hentry","category-actualites","category-economie"],"_links":{"self":[{"href":"https:\/\/ladepeche.mr\/index.php?rest_route=\/wp\/v2\/posts\/8813","targetHints":{"allow":["GET"]}}],"collection":[{"href":"https:\/\/ladepeche.mr\/index.php?rest_route=\/wp\/v2\/posts"}],"about":[{"href":"https:\/\/ladepeche.mr\/index.php?rest_route=\/wp\/v2\/types\/post"}],"author":[{"embeddable":true,"href":"https:\/\/ladepeche.mr\/index.php?rest_route=\/wp\/v2\/users\/2"}],"replies":[{"embeddable":true,"href":"https:\/\/ladepeche.mr\/index.php?rest_route=%2Fwp%2Fv2%2Fcomments&post=8813"}],"version-history":[{"count":1,"href":"https:\/\/ladepeche.mr\/index.php?rest_route=\/wp\/v2\/posts\/8813\/revisions"}],"predecessor-version":[{"id":8815,"href":"https:\/\/ladepeche.mr\/index.php?rest_route=\/wp\/v2\/posts\/8813\/revisions\/8815"}],"wp:featuredmedia":[{"embeddable":true,"href":"https:\/\/ladepeche.mr\/index.php?rest_route=\/wp\/v2\/media\/8814"}],"wp:attachment":[{"href":"https:\/\/ladepeche.mr\/index.php?rest_route=%2Fwp%2Fv2%2Fmedia&parent=8813"}],"wp:term":[{"taxonomy":"category","embeddable":true,"href":"https:\/\/ladepeche.mr\/index.php?rest_route=%2Fwp%2Fv2%2Fcategories&post=8813"},{"taxonomy":"post_tag","embeddable":true,"href":"https:\/\/ladepeche.mr\/index.php?rest_route=%2Fwp%2Fv2%2Ftags&post=8813"}],"curies":[{"name":"wp","href":"https:\/\/api.w.org\/{rel}","templated":true}]}}