{"id":8851,"date":"2024-03-15T15:28:36","date_gmt":"2024-03-15T15:28:36","guid":{"rendered":"https:\/\/ladepeche.mr\/?p=8851"},"modified":"2024-03-15T15:28:36","modified_gmt":"2024-03-15T15:28:36","slug":"le-president-de-la-republique-offre-un-iftar-en-lhonneur-des-chefs-de-partis-politiques-des-imams-et-des-representants-de-la-societe-civile","status":"publish","type":"post","link":"https:\/\/ladepeche.mr\/?p=8851","title":{"rendered":"Le Pr\u00e9sident de la R\u00e9publique offre un Iftar en l\u2019honneur des chefs de partis politiques, des imams et des repr\u00e9sentants de la soci\u00e9t\u00e9 civile"},"content":{"rendered":"<p>Son Excellence le Pr\u00e9sident de la R\u00e9publique, Monsieur Mohamed Ould Cheikh El Ghazouani, a offert, jeudi soir, au Palais pr\u00e9sidentiel \u00e0 Nouakchott, un Iftar en l\u2019honneur des chefs des formations politiques nationales, des imams, des d\u00e9put\u00e9s et des repr\u00e9sentants des organisations de la soci\u00e9t\u00e9 civile.<\/p>\n<p>L\u2019Iftar s\u2019est d\u00e9roul\u00e9 en pr\u00e9sence de la Premi\u00e8re Dame, Dr Meriem Mint Dah, du Premier ministre Mohamed Ould Bilal Messoud, du pr\u00e9sident de l\u2019Assembl\u00e9e nationale, du pr\u00e9sident du Conseil constitutionnel, du chef de file de l\u2019Opposition d\u00e9mocratique, du ministre secr\u00e9taire g\u00e9n\u00e9ral de la Pr\u00e9sidence de la R\u00e9publique, du ministre charg\u00e9 du cabinet du Pr\u00e9sident de la R\u00e9publique, de deux ministres conseillers, de membres du gouvernement et du pr\u00e9sident du Haut Conseil de la Fatwa et des Recours gracieux.<\/p>\n<p>Ont \u00e9galement pris part \u00e0 l\u2019Iftar les charg\u00e9s de mission et les conseillers \u00e0 la Pr\u00e9sidence de la R\u00e9publique et \u00e0 la Primature, le wali de Nouakchott-Ouest, certains commandants militaires et s\u00e9curitaires, des membres du corps diplomatique et des repr\u00e9sentants des organisations et organismes internationaux accr\u00e9dit\u00e9s en Mauritanie.<\/p>\n<p>Au cours de la rencontre, plusieurs imams ont donn\u00e9 une s\u00e9rie de conf\u00e9rences sur les vertus du mois sacr\u00e9 de Ramadan et les insignes valeurs dont il est porteur, le comportement des musulmans conform\u00e9ment aux valeurs dict\u00e9es par l\u2019\u00e9cole du Ramadan qui appelle \u00e0 la fraternit\u00e9, \u00e0 l\u2019amour, \u00e0 l\u2019entraide et \u00e0 la solidarit\u00e9, ainsi que le r\u00f4le que les savants doivent jouer pour maintenir la paix et la coh\u00e9sion et lutter contre l\u2019extr\u00e9misme et les comportements qui portent atteinte \u00e0 la s\u00e9curit\u00e9 et \u00e0 la stabilit\u00e9.<br \/>\nDans la premi\u00e8re conf\u00e9rence, intitul\u00e9e \u201cLe r\u00f4le des savants dans la diffusion de la paix et la lutte contre la d\u00e9sunion\u201d, l\u2019\u00e9rudit Cheikh Ould Saleh, secr\u00e9taire g\u00e9n\u00e9ral de l\u2019Association des savants mauritaniens, a mis l\u2019accent sur la position dont jouissent les savants dans la soci\u00e9t\u00e9, qui leur accorde la statut de guide et de mod\u00e8le et reconnait leur r\u00f4le dans le renforcement des fondements de la s\u00e9curit\u00e9 et de la stabilit\u00e9 et dans la lutte contre les sources de l\u2019extr\u00e9misme et du terrorisme.<\/p>\n<p>Il a pass\u00e9 en revue les conditions et les qualit\u00e9s qui doivent caract\u00e9riser le savant, \u00e0 commencer par son souci de pr\u00e9server la paix civile et la coh\u00e9sion sociale, et de lutter contre tout ce qui les perturbe, en diffusant les sciences religieuses, en animant des cours de pr\u00e9dication et d\u2019orientation, en r\u00e9parant les m\u00e9sententes intrafamiliales, en r\u00e9pondant aux doutes qui conduisent \u00e0 l\u2019extr\u00e9misme, en diffusant le bon exemple, en renfor\u00e7ant le respect de l\u2019autorit\u00e9 et en clarifiant les r\u00e8gles de la charia dans les relations entre le gouvernant et le gouvern\u00e9.<\/p>\n<p>Il a mis en exergue les versets sacr\u00e9s et les hadiths proph\u00e9tiques qui mettent en garde contre le danger de la s\u00e9dition, qui menace l\u2019entit\u00e9 des pays et d\u00e9stabilise leur stabilit\u00e9 et porte atteinte \u00e0 leur prosp\u00e9rit\u00e9, le pr\u00e9judice que peut entrainer toute parole ou action qui conduit au takfir et au hirj, et toute apologie de la violence et de la discorde.<\/p>\n<p>Il a soulign\u00e9 que la Mauritanie a la chance d\u2019avoir un dirigeant de grande qualit\u00e9 dont le leadership a permis au pays d\u2019\u00e9voluer dans une atmosph\u00e8re de fraternit\u00e9, d\u2019harmonie, de tranquillit\u00e9, de qui\u00e9tude, de s\u00e9curit\u00e9 et de stabilit\u00e9, ce qui exige de nous tous de maintenir cette approche sage.<\/p>\n<p>Dans les deuxi\u00e8me et troisi\u00e8me conf\u00e9rences, sous le th\u00e8me : \u201cLes vertus du je\u00fbne\u201d, les Faqihs Ahmed Abdelaziz Sy et Mohamed Ould Al-Ghadhi ont pass\u00e9 en revue les vertus du Ramadan et ce qu\u2019un musulman doit faire pendant ce mois sacr\u00e9 \u00e9voquant les vertus dont les musulmans doivent faire preuve pendant ce mois sacr\u00e9, en observant les commandements d\u2019Allah et en \u00e9vitant ses interdictions.<\/p>\n<p>Ils ont pass\u00e9 en revue les buts et les objectifs du je\u00fbne, qui vont au-del\u00e0 de l\u2019abstention des app\u00e9tits li\u00e9s aux besoins du corps et visent l\u2019\u00e9l\u00e9vation de l\u2019\u00e2me, de sorte que le je\u00fbneur doit faire montre de pi\u00e9t\u00e9, d\u2019humilit\u00e9, de solidarit\u00e9 avec ses semblables<\/p>\n<p>Ils ont \u00e9galement soulign\u00e9 que le je\u00fbne est source d\u2019expiation des p\u00e9ch\u00e9s, tout comme il permet de discipliner les comportements et d\u2019\u00e9lever les \u00e2mes et incite se consacrer \u00e0 l\u2019adoration d\u2019Allah, et \u00e0 promouvoir la compassion et la solidarit\u00e9 entre les membres de la soci\u00e9t\u00e9.<br \/>\nAmi<\/p>\n","protected":false},"excerpt":{"rendered":"<p>Son Excellence le Pr\u00e9sident de la R\u00e9publique, Monsieur Mohamed Ould Cheikh El Ghazouani, a offert, jeudi soir, au Palais pr\u00e9sidentiel \u00e0 Nouakchott, un Iftar en l\u2019honneur des chefs des formations politiques nationales, des imams, des d\u00e9put\u00e9s et des repr\u00e9sentants des organisations de la soci\u00e9t\u00e9 civile. L\u2019Iftar s\u2019est d\u00e9roul\u00e9 en pr\u00e9sence de la Premi\u00e8re Dame, Dr &hellip;<\/p>\n","protected":false},"author":2,"featured_media":8852,"comment_status":"open","ping_status":"open","sticky":false,"template":"","format":"standard","meta":{"footnotes":""},"categories":[18],"tags":[],"class_list":["post-8851","post","type-post","status-publish","format-standard","has-post-thumbnail","hentry","category-actualites"],"_links":{"self":[{"href":"https:\/\/ladepeche.mr\/index.php?rest_route=\/wp\/v2\/posts\/8851","targetHints":{"allow":["GET"]}}],"collection":[{"href":"https:\/\/ladepeche.mr\/index.php?rest_route=\/wp\/v2\/posts"}],"about":[{"href":"https:\/\/ladepeche.mr\/index.php?rest_route=\/wp\/v2\/types\/post"}],"author":[{"embeddable":true,"href":"https:\/\/ladepeche.mr\/index.php?rest_route=\/wp\/v2\/users\/2"}],"replies":[{"embeddable":true,"href":"https:\/\/ladepeche.mr\/index.php?rest_route=%2Fwp%2Fv2%2Fcomments&post=8851"}],"version-history":[{"count":1,"href":"https:\/\/ladepeche.mr\/index.php?rest_route=\/wp\/v2\/posts\/8851\/revisions"}],"predecessor-version":[{"id":8853,"href":"https:\/\/ladepeche.mr\/index.php?rest_route=\/wp\/v2\/posts\/8851\/revisions\/8853"}],"wp:featuredmedia":[{"embeddable":true,"href":"https:\/\/ladepeche.mr\/index.php?rest_route=\/wp\/v2\/media\/8852"}],"wp:attachment":[{"href":"https:\/\/ladepeche.mr\/index.php?rest_route=%2Fwp%2Fv2%2Fmedia&parent=8851"}],"wp:term":[{"taxonomy":"category","embeddable":true,"href":"https:\/\/ladepeche.mr\/index.php?rest_route=%2Fwp%2Fv2%2Fcategories&post=8851"},{"taxonomy":"post_tag","embeddable":true,"href":"https:\/\/ladepeche.mr\/index.php?rest_route=%2Fwp%2Fv2%2Ftags&post=8851"}],"curies":[{"name":"wp","href":"https:\/\/api.w.org\/{rel}","templated":true}]}}