{"id":8860,"date":"2024-03-15T16:37:51","date_gmt":"2024-03-15T16:37:51","guid":{"rendered":"https:\/\/ladepeche.mr\/?p=8860"},"modified":"2024-03-15T16:37:51","modified_gmt":"2024-03-15T16:37:51","slug":"ua-usa-le-president-en-exercice-de-lua-reclame-un-cessez-le-feu-et-lentree-de-laide-humanitaire-a-gaza","status":"publish","type":"post","link":"https:\/\/ladepeche.mr\/?p=8860","title":{"rendered":"Ua-Usa : le pr\u00e9sident en exercice de l\u2019Ua r\u00e9clame un cessez-le feu et l&#8217;entr\u00e9e de l&#8217;aide humanitaire \u00e0 Gaza"},"content":{"rendered":"<p>Le pr\u00e9sident mauritanien, Mohamed Ould Ghazouani, pr\u00e9sident en exercice de l\u2019Union Africaine, a r\u00e9clam\u00e9 lors dans un \u00e9change t\u00e9l\u00e9phonique avec le secr\u00e9taire d\u2019Etat aux Affaires \u00e9trang\u00e8res des Etats-Unis d\u2019Am\u00e9rique, M. Antony Blinken, la mise en place d\u2019un cessez-le-feu, \u00e0 l\u2019entr\u00e9e de l\u2019aide et \u00e0 \u0153uvrer pour une solution durable \u00bb \u00e0 Gaza.<br \/>\nLe chef de la diplomatie Us a, \u00e0 cet effet, r\u00e9it\u00e9r\u00e9 \u00ab la pr\u00e9occupation de son pays \u00e0 cet \u00e9gard, soulignant sa volont\u00e9 de poursuivre les efforts pour trouver une solution d\u00e9finitive \u00bb.<br \/>\nDans son appel A. Blinken a f\u00e9licit\u00e9 le pr\u00e9sident mauritanien pour son \u00e9lection \u00e0 la t\u00eate de l\u2019UA et affirm\u00e9 \u00ab la disponibilit\u00e9 de son pays \u00e0 soutenir les priorit\u00e9s du continent dans le cadre du Plan de la deuxi\u00e8me d\u00e9cennie de la mise en \u0153uvre de l\u2019Agenda 2063 \u00bb. Le pr\u00e9sident de l\u2019UA, Mohamed Ould Ghazouani s\u2019est, pour sa part, f\u00e9licit\u00e9 du soutien des USA pour trouver des r\u00e9ponses aux questions prioritaires pour le Continent \u00e0 savoir la s\u00e9curit\u00e9, l\u2019\u00e9duction, la promotion de la d\u00e9mocratie et le d\u00e9veloppement dans son ensemble.<br \/>\nLe pr\u00e9sident mauritanien, Mohamed Ould Ghazouani, et le secr\u00e9taire d\u2019Etat am\u00e9ricain aux Affaires \u00e9trang\u00e8res, Antony Blinken ont enfin exprim\u00e9 \u00ab leur d\u00e9termination \u00e0 d\u00e9velopper les relations bilat\u00e9rales et \u00e0 renforcer le partenariat afro-am\u00e9ricain \u00bb.<\/p>\n","protected":false},"excerpt":{"rendered":"<p>Le pr\u00e9sident mauritanien, Mohamed Ould Ghazouani, pr\u00e9sident en exercice de l\u2019Union Africaine, a r\u00e9clam\u00e9 lors dans un \u00e9change t\u00e9l\u00e9phonique avec le secr\u00e9taire d\u2019Etat aux Affaires \u00e9trang\u00e8res des Etats-Unis d\u2019Am\u00e9rique, M. Antony Blinken, la mise en place d\u2019un cessez-le-feu, \u00e0 l\u2019entr\u00e9e de l\u2019aide et \u00e0 \u0153uvrer pour une solution durable \u00bb \u00e0 Gaza. Le chef de &hellip;<\/p>\n","protected":false},"author":2,"featured_media":8861,"comment_status":"open","ping_status":"open","sticky":false,"template":"","format":"standard","meta":{"footnotes":""},"categories":[18,29],"tags":[],"class_list":["post-8860","post","type-post","status-publish","format-standard","has-post-thumbnail","hentry","category-actualites","category-monde"],"_links":{"self":[{"href":"https:\/\/ladepeche.mr\/index.php?rest_route=\/wp\/v2\/posts\/8860","targetHints":{"allow":["GET"]}}],"collection":[{"href":"https:\/\/ladepeche.mr\/index.php?rest_route=\/wp\/v2\/posts"}],"about":[{"href":"https:\/\/ladepeche.mr\/index.php?rest_route=\/wp\/v2\/types\/post"}],"author":[{"embeddable":true,"href":"https:\/\/ladepeche.mr\/index.php?rest_route=\/wp\/v2\/users\/2"}],"replies":[{"embeddable":true,"href":"https:\/\/ladepeche.mr\/index.php?rest_route=%2Fwp%2Fv2%2Fcomments&post=8860"}],"version-history":[{"count":1,"href":"https:\/\/ladepeche.mr\/index.php?rest_route=\/wp\/v2\/posts\/8860\/revisions"}],"predecessor-version":[{"id":8862,"href":"https:\/\/ladepeche.mr\/index.php?rest_route=\/wp\/v2\/posts\/8860\/revisions\/8862"}],"wp:featuredmedia":[{"embeddable":true,"href":"https:\/\/ladepeche.mr\/index.php?rest_route=\/wp\/v2\/media\/8861"}],"wp:attachment":[{"href":"https:\/\/ladepeche.mr\/index.php?rest_route=%2Fwp%2Fv2%2Fmedia&parent=8860"}],"wp:term":[{"taxonomy":"category","embeddable":true,"href":"https:\/\/ladepeche.mr\/index.php?rest_route=%2Fwp%2Fv2%2Fcategories&post=8860"},{"taxonomy":"post_tag","embeddable":true,"href":"https:\/\/ladepeche.mr\/index.php?rest_route=%2Fwp%2Fv2%2Ftags&post=8860"}],"curies":[{"name":"wp","href":"https:\/\/api.w.org\/{rel}","templated":true}]}}