{"id":8880,"date":"2024-03-17T15:27:17","date_gmt":"2024-03-17T15:27:17","guid":{"rendered":"https:\/\/ladepeche.mr\/?p=8880"},"modified":"2024-03-17T15:27:17","modified_gmt":"2024-03-17T15:27:17","slug":"la-mauritanie-commemore-des-journee-mondiale-et-arabe-des-droits-des-consommateurs","status":"publish","type":"post","link":"https:\/\/ladepeche.mr\/?p=8880","title":{"rendered":"La Mauritanie comm\u00e9more des journ\u00e9e mondiale et arabe des droits des consommateurs"},"content":{"rendered":"<p>Le Forum mauritanien des consommateurs a comm\u00e9mor\u00e9 samedi \u00e0 Nouakchott la journ\u00e9e mondiale des droits des consommateurs, sous le th\u00e8me \u201cL\u2019intelligence artificielle juste et responsable au profit du consommateur\u201d, et la journ\u00e9e arabe des consommateurs, sous le th\u00e8me \u201cFemmes et la protection du consommateur\u201d.<\/p>\n<p>La comm\u00e9moration de cette journ\u00e9e, qui vise \u00e0 sensibiliser et \u00e0 faire prendre conscience des droits et des devoirs du consommateur, comprenait un s\u00e9minaire sur la \u201cs\u00e9curit\u00e9 alimentaire\u201d anim\u00e9 par des membres du Forum, des avocats et des professeurs d\u2019universit\u00e9.<\/p>\n<p>La directrice g\u00e9n\u00e9rale adjointe de Agence Mauritanienne de S\u00e9curit\u00e9 Sanitaire des Aliments , Mme Al Ama Moulaye, a fait une pr\u00e9sentation de l\u2019agence nouvellement cr\u00e9\u00e9e, notant que l\u2019objectif de sa cr\u00e9ation est d\u2019assurer la s\u00e9curit\u00e9 sanitaire des denr\u00e9es alimentaires et de permettre la circulation des marchandises import\u00e9es et produites localement conform\u00e9ment aux normes applicables, en garantissant la fourniture d\u2019aliments s\u00fbrs, sains et de bonne qualit\u00e9.<\/p>\n<p>Elle a soulign\u00e9 que des travaux sont en cours pour activer l\u2019agence et la doter des moyens mat\u00e9riels et du personnel technique n\u00e9cessaires pour qu\u2019elle puisse accomplir ses t\u00e2ches et s\u2019acquitter pleinement de ses responsabilit\u00e9s, en insistant sur l\u2019importance de la participation des organisations de la soci\u00e9t\u00e9 civile au conseil d\u2019administration de l\u2019agence.<\/p>\n<p>Pour sa part, le secr\u00e9taire g\u00e9n\u00e9ral du Forum, M. Ahmed Ould Nahah, a expliqu\u00e9 que la comm\u00e9moration de la journ\u00e9e mondiale des droits du consommateur et de la journ\u00e9e arabe du consommateur co\u00efncide cette ann\u00e9e avec l\u2019av\u00e8nement du mois sacr\u00e9 du Ramadan qui a connu une augmentation des prix de certaines denr\u00e9es alimentaires, appelant les autorit\u00e9s \u00e0 \u0153uvrer pour limiter cette augmentation en raison de son impact sur les consommateurs, notamment durant ce mois sacr\u00e9.<\/p>\n<p>Un certain nombre de professeurs d\u2019universit\u00e9, d\u2019avocats et de repr\u00e9sentants d\u2019organisations de la soci\u00e9t\u00e9 civile ont particip\u00e9 \u00e0 l\u2019\u00e9v\u00e9nement.<br \/>\nAmi<\/p>\n","protected":false},"excerpt":{"rendered":"<p>Le Forum mauritanien des consommateurs a comm\u00e9mor\u00e9 samedi \u00e0 Nouakchott la journ\u00e9e mondiale des droits des consommateurs, sous le th\u00e8me \u201cL\u2019intelligence artificielle juste et responsable au profit du consommateur\u201d, et la journ\u00e9e arabe des consommateurs, sous le th\u00e8me \u201cFemmes et la protection du consommateur\u201d. La comm\u00e9moration de cette journ\u00e9e, qui vise \u00e0 sensibiliser et \u00e0 &hellip;<\/p>\n","protected":false},"author":2,"featured_media":8881,"comment_status":"open","ping_status":"open","sticky":false,"template":"","format":"standard","meta":{"footnotes":""},"categories":[18,2],"tags":[],"class_list":["post-8880","post","type-post","status-publish","format-standard","has-post-thumbnail","hentry","category-actualites","category-economie"],"_links":{"self":[{"href":"https:\/\/ladepeche.mr\/index.php?rest_route=\/wp\/v2\/posts\/8880","targetHints":{"allow":["GET"]}}],"collection":[{"href":"https:\/\/ladepeche.mr\/index.php?rest_route=\/wp\/v2\/posts"}],"about":[{"href":"https:\/\/ladepeche.mr\/index.php?rest_route=\/wp\/v2\/types\/post"}],"author":[{"embeddable":true,"href":"https:\/\/ladepeche.mr\/index.php?rest_route=\/wp\/v2\/users\/2"}],"replies":[{"embeddable":true,"href":"https:\/\/ladepeche.mr\/index.php?rest_route=%2Fwp%2Fv2%2Fcomments&post=8880"}],"version-history":[{"count":1,"href":"https:\/\/ladepeche.mr\/index.php?rest_route=\/wp\/v2\/posts\/8880\/revisions"}],"predecessor-version":[{"id":8882,"href":"https:\/\/ladepeche.mr\/index.php?rest_route=\/wp\/v2\/posts\/8880\/revisions\/8882"}],"wp:featuredmedia":[{"embeddable":true,"href":"https:\/\/ladepeche.mr\/index.php?rest_route=\/wp\/v2\/media\/8881"}],"wp:attachment":[{"href":"https:\/\/ladepeche.mr\/index.php?rest_route=%2Fwp%2Fv2%2Fmedia&parent=8880"}],"wp:term":[{"taxonomy":"category","embeddable":true,"href":"https:\/\/ladepeche.mr\/index.php?rest_route=%2Fwp%2Fv2%2Fcategories&post=8880"},{"taxonomy":"post_tag","embeddable":true,"href":"https:\/\/ladepeche.mr\/index.php?rest_route=%2Fwp%2Fv2%2Ftags&post=8880"}],"curies":[{"name":"wp","href":"https:\/\/api.w.org\/{rel}","templated":true}]}}