{"id":8883,"date":"2024-03-17T22:36:21","date_gmt":"2024-03-17T22:36:21","guid":{"rendered":"https:\/\/ladepeche.mr\/?p=8883"},"modified":"2024-03-18T13:44:02","modified_gmt":"2024-03-18T13:44:02","slug":"banques-primaires-lineluctable-assainissement","status":"publish","type":"post","link":"https:\/\/ladepeche.mr\/?p=8883","title":{"rendered":"Banques primaires : L\u2019in\u00e9luctable assainissement"},"content":{"rendered":"<p>La BCM multiplie les mesures d\u2019assainissement du syst\u00e8me financier national. Ce dernier constitue un v\u00e9ritable goulot d\u2019\u00e9tranglement pour l\u2019\u00e9conomie depuis l\u2019apparition des premi\u00e8res banques commerciales, dans les ann\u00e9es 80. Malgr\u00e9 l\u2019ambitieuse r\u00e9forme introduite par la loi 036\/2018, force est de constater que les \u00e9tablissements de cr\u00e9dit n\u2019ont pas toujours suivi la bonne direction.<\/p>\n<p>L\u2019annonce de la liquidation de la NBM (2023) et le retrait de licence de la succursale de QNB (2022) avaient fait planer de v\u00e9ritables soucis pour les d\u00e9cideurs politiques (mais aussi les partenaires \u00e9conomiques) quant \u00e0 la viabilit\u00e9 m\u00eame de l\u2019\u00e9cosyst\u00e8me bancaire dans notre pays. Ce qui explique d\u2019ailleurs la r\u00e9forme introduite en 2018 qui r\u00e9organise et innove pour limiter les effets pervers d\u2019un laisser-aller qui aurait pu \u00eatre fatidique \u00e0 toute l\u2019\u00e9conomie. De plus la prolif\u00e9ration et la diversification de banques primaires, all\u00e9ch\u00e9es par l\u2019exploitation de nouvelles ressources \u00e9conomiques, ont eu pour effet de cr\u00e9er une certaine zizanie dans le secteur. Loin de financer l\u2019\u00e9conomie, comme on pouvait s\u2019y attendre, les banques primaires, 18 aujourd\u2019hui, \u00ab s\u2019emm\u00ealent souvent les finances \u00bb. <\/p>\n<p><strong><\/strong>R\u00e9gulation tous azimuts<br \/>\nA peine sorti de la r\u00e9union du Conseil Prudentiel de R\u00e9solution et de Stabilit\u00e9 Financi\u00e8re (11 mars 2024), apr\u00e8s des rencontres marathon avec la mission du Fmi, le Gouverneur de la BCM, Mohamed Lemine Dhhby, enchaine avec la r\u00e9union mensuelle avec des repr\u00e9sentants des banques primaires. L\u2019embellie dans les relations avec les partenaires ext\u00e9rieurs est claire et s\u2019est sold\u00e9e par de nouveaux financements. Il faut bien s\u00fbr mettre cette confiance retrouv\u00e9e au compte de la volont\u00e9 politique des autorit\u00e9s mais aussi \u00e0 la solde de la cr\u00e9dibilit\u00e9 de la BCM, de ses performances et du respect des engagements souscrits avec les bailleurs.<br \/>\nDans la r\u00e9alit\u00e9, la BCM qui vient d\u2019engager un ordre r\u00e9glementaire pour \u00e9tablir des limites plafonnant les paiements \u00e9lectroniques, n\u2019a jamais connu une effervescence aussi importante en vue de mieux r\u00e9guler le secteur financier dans le pays. Et \u00e0 cette fin, la BCM ne semble rien laisser au hasard. C\u2019est devenu le combat de tous les jours : mettre au diapason le syst\u00e8me financier. La BCM ne badine plus sur les r\u00e9formes am\u00e9liorant la r\u00e9silience pour le syst\u00e8me bancaire lui-m\u00eame, en r\u00e9duisant ses vuln\u00e9rabilit\u00e9s. Les solutions \u00e0 large spectre pour maintenir des ratios de solvabilit\u00e9 en droite ligne de B\u00e2le III restent le point cardinal de la r\u00e9gulation des finances.<br \/>\nC\u2019est dans cet esprit que se tient la r\u00e9union mensuelle, devenue traditionnelle, entre la BCM et les banques primaires en vue de naviguer dans le m\u00eame sens. La BCM semble, en effet, privil\u00e9gier le consensus autour des questions parfois douloureuses mais suppos\u00e9es salvatrices pour les \u00e9tablissements de cr\u00e9dit.<\/p>\n<p><strong><\/strong>To be or to be !<br \/>\nLa r\u00e9union du 13 mars entre la BCM, en pr\u00e9sence de son gouverneur, Mohamed Lemine Dhehby et des repr\u00e9sentants des banques primaires, n\u2019a pas d\u00e9rog\u00e9 \u00e0 la volont\u00e9 de recherche de consensus. Une occasion pour le Gouverneur de rappeler le r\u00f4le imparti \u00e0 tous dans cette nouvelle dynamique pour relever les d\u00e9fis du secteur bancaire avec notamment l\u2019entr\u00e9e en vigueur de la strat\u00e9gie d\u2019inclusion financi\u00e8re visant le d\u00e9veloppement de la finance num\u00e9rique, le renforcement de l\u2019\u00e9ducation financi\u00e8re, ou encore de la facilitation du financement des projets \u00e0 fort impact \u00e9conomique et social.<br \/>\nC\u2019est bien donc pour l\u2019efficacit\u00e9 de la supervision, la transparence des donn\u00e9es et leur s\u00e9curit\u00e9 que la BCM plaide parmi les banques primaires mauritaniennes pour continuer d\u2019\u00eatre bien vues parmi les organismes de contr\u00f4le comme la MANAFAT  pour les efforts d\u00e9ploy\u00e9s dans la lutte contre le blanchiment d\u2019argent, le financement du terrorisme. Une organisation qui depuis d\u00e9cembre 2023 est pr\u00e9sid\u00e9e par notre pays.  <\/p>\n<blockquote class=\"wp-embedded-content\" data-secret=\"CmV1PkOq3R\"><p><a href=\"https:\/\/ladepeche.mr\/?p=5467\">R\u00e9formes du march\u00e9 de change: La BCM veut tirer les banques primaires vers les bonnes pratiques<\/a><\/p><\/blockquote>\n<p><iframe loading=\"lazy\" class=\"wp-embedded-content\" sandbox=\"allow-scripts\" security=\"restricted\" style=\"position: absolute; clip: rect(1px, 1px, 1px, 1px);\" title=\"&#8220;R\u00e9formes du march\u00e9 de change: La BCM veut tirer les banques primaires vers les bonnes pratiques&#8221; &#8212; La D\u00e9p\u00eache  de Mauritanie et du Sahel\" src=\"https:\/\/ladepeche.mr\/?p=5467&#038;embed=true#?secret=8k15ZWaJH0#?secret=CmV1PkOq3R\" data-secret=\"CmV1PkOq3R\" width=\"500\" height=\"282\" frameborder=\"0\" marginwidth=\"0\" marginheight=\"0\" scrolling=\"no\"><\/iframe><br \/>\nLa BCM ne m\u00e9nage pas ses efforts d\u2019ailleurs pour cr\u00e9er les conditions propices \u00e0 l\u2019\u00e9mergence d\u2019un syst\u00e8me financier solide. Elle a, dans ce cadre, inaugur\u00e9 en octobre 2023 une plateforme technique standard pour le march\u00e9 interbancaire de change. Une plateforme qui sert dans la gestion des op\u00e9rations et la surveillance en temps r\u00e9el du march\u00e9 interbancaire de change. Elle pr\u00e9voit encore l&#8217;adoption des normes internationales IAS\/IFRS pour la comparabilit\u00e9 des \u00e9tats financiers entre les banques pour l&#8217;exercice 2024. Mais ce n\u2019est l\u00e0 probablement que la partie r\u00e9cente des r\u00e9formes mises en \u0153uvre dans le cadre du FEC devant mat\u00e9rialiser le nouveau cadre de politique mon\u00e9taire et de change \u00ab pour soutenir l\u2019activit\u00e9 \u00e9conomique, faire face aux chocs ext\u00e9rieurs et pr\u00e9server les r\u00e9serves officielles \u00bb.<br \/>\nEn attendant, le CPRSF examine actuellement des demandes d&#8217;agr\u00e9ment et des autorisations pr\u00e9alables qui seront soumises au tamis de nouvelles r\u00e8gles plus rigides.<br \/>\nJD<\/p>\n","protected":false},"excerpt":{"rendered":"<p>La BCM multiplie les mesures d\u2019assainissement du syst\u00e8me financier national. Ce dernier constitue un v\u00e9ritable goulot d\u2019\u00e9tranglement pour l\u2019\u00e9conomie depuis l\u2019apparition des premi\u00e8res banques commerciales, dans les ann\u00e9es 80. Malgr\u00e9 l\u2019ambitieuse r\u00e9forme introduite par la loi 036\/2018, force est de constater que les \u00e9tablissements de cr\u00e9dit n\u2019ont pas toujours suivi la bonne direction. L\u2019annonce de &hellip;<\/p>\n","protected":false},"author":2,"featured_media":8884,"comment_status":"open","ping_status":"open","sticky":false,"template":"","format":"standard","meta":{"footnotes":""},"categories":[18,2],"tags":[],"class_list":["post-8883","post","type-post","status-publish","format-standard","has-post-thumbnail","hentry","category-actualites","category-economie"],"_links":{"self":[{"href":"https:\/\/ladepeche.mr\/index.php?rest_route=\/wp\/v2\/posts\/8883","targetHints":{"allow":["GET"]}}],"collection":[{"href":"https:\/\/ladepeche.mr\/index.php?rest_route=\/wp\/v2\/posts"}],"about":[{"href":"https:\/\/ladepeche.mr\/index.php?rest_route=\/wp\/v2\/types\/post"}],"author":[{"embeddable":true,"href":"https:\/\/ladepeche.mr\/index.php?rest_route=\/wp\/v2\/users\/2"}],"replies":[{"embeddable":true,"href":"https:\/\/ladepeche.mr\/index.php?rest_route=%2Fwp%2Fv2%2Fcomments&post=8883"}],"version-history":[{"count":3,"href":"https:\/\/ladepeche.mr\/index.php?rest_route=\/wp\/v2\/posts\/8883\/revisions"}],"predecessor-version":[{"id":8903,"href":"https:\/\/ladepeche.mr\/index.php?rest_route=\/wp\/v2\/posts\/8883\/revisions\/8903"}],"wp:featuredmedia":[{"embeddable":true,"href":"https:\/\/ladepeche.mr\/index.php?rest_route=\/wp\/v2\/media\/8884"}],"wp:attachment":[{"href":"https:\/\/ladepeche.mr\/index.php?rest_route=%2Fwp%2Fv2%2Fmedia&parent=8883"}],"wp:term":[{"taxonomy":"category","embeddable":true,"href":"https:\/\/ladepeche.mr\/index.php?rest_route=%2Fwp%2Fv2%2Fcategories&post=8883"},{"taxonomy":"post_tag","embeddable":true,"href":"https:\/\/ladepeche.mr\/index.php?rest_route=%2Fwp%2Fv2%2Ftags&post=8883"}],"curies":[{"name":"wp","href":"https:\/\/api.w.org\/{rel}","templated":true}]}}