{"id":8895,"date":"2024-03-18T13:06:57","date_gmt":"2024-03-18T13:06:57","guid":{"rendered":"https:\/\/ladepeche.mr\/?p=8895"},"modified":"2024-03-18T13:06:57","modified_gmt":"2024-03-18T13:06:57","slug":"niger-la-junte-au-pouvoir-rompt-la-cooperation-militaire-avec-les-etats-unis","status":"publish","type":"post","link":"https:\/\/ladepeche.mr\/?p=8895","title":{"rendered":"Niger : la junte au pouvoir rompt la coop\u00e9ration militaire avec les \u00c9tats-Unis"},"content":{"rendered":"<p>La junte militaire au pouvoir au Niger a mis fin \u00e0 un accord militaire autorisant la pr\u00e9sence des membres du personnel militaire et civil du d\u00e9partement am\u00e9ricain de la D\u00e9fense sur son territoire, a d\u00e9clar\u00e9, samedi, le porte-parole de la junte, le colonel Amadou Abdramane. Cette d\u00e9cision intervient apr\u00e8s une visite effectu\u00e9e cette semaine par des responsables am\u00e9ricains.<\/p>\n<p>&#8220;La pr\u00e9sence am\u00e9ricaine sur le territoire de la R\u00e9publique du Niger est ill\u00e9gale&#8221;. Apr\u00e8s les Fran\u00e7ais, les militaires am\u00e9ricains pourraient \u00e0 leur tour \u00eatre chass\u00e9s du Niger. Le r\u00e9gime des g\u00e9n\u00e9raux au pouvoir \u00e0 Niamey a d\u00e9nonc\u00e9, samedi 16 mars, &#8220;avec effet imm\u00e9diat&#8221; l&#8217;accord de coop\u00e9ration militaire pass\u00e9 avec les \u00c9tats-Unis en 2012, affirmant que la pr\u00e9sence am\u00e9ricaine &#8220;viole toutes les r\u00e8gles constitutionnelles et d\u00e9mocratiques&#8221;.<\/p>\n<p>Rapidement apr\u00e8s son arriv\u00e9e au pouvoir lors d&#8217;un coup d&#8217;\u00c9tat le 26 juillet 2023, le r\u00e9gime de Niamey avait d\u00e9nonc\u00e9 des accords de coop\u00e9ration militaire avec la France et les derniers soldats fran\u00e7ais ont quitt\u00e9 le Niger fin d\u00e9cembre.<\/p>\n<p>Apr\u00e8s le coup d&#8217;\u00c9tat qui a renvers\u00e9 le pr\u00e9sident \u00e9lu Mohamed Bazoum, Washington a suspendu sa coop\u00e9ration avec le Niger.<\/p>\n<p>Mais les \u00c9tats-Unis comptent quelque 1 100 soldats engag\u00e9s dans la lutte antijihadiste dans le pays et disposent d&#8217;une importante base de drones \u00e0 Agadez (nord).<\/p>\n<p>En d\u00e9cembre ils s&#8217;\u00e9taient dit pr\u00eats \u00e0 reprendre cette coop\u00e9ration, sous conditions.<\/p>\n<p>Samedi soir, le colonel Amadou Abdramane, porte-parole du r\u00e9gime a indiqu\u00e9 que le gouvernement nig\u00e9rien &#8220;prenant en compte les aspirations et les int\u00e9r\u00eats de son peuple&#8221; avait d\u00e9cid\u00e9 &#8220;en toute responsabilit\u00e9 de d\u00e9noncer avec effet imm\u00e9diat l&#8217;accord relatif au statut du personnel militaire des \u00c9tats-Unis et des employ\u00e9s civils du d\u00e9partement am\u00e9ricain de la D\u00e9fense sur le territoire du Niger&#8221;.<\/p>\n<p>Dans un communiqu\u00e9, lu \u00e0 la t\u00e9l\u00e9vision nationale, Amadou Abdramane pr\u00e9cise que la pr\u00e9sence militaire am\u00e9ricaine est &#8220;ill\u00e9gale&#8221; et &#8220;viole toutes les r\u00e8gles constitutionnelles et d\u00e9mocratiques&#8221;.<br \/>\nSelon Niamey, cet accord &#8220;injuste&#8221; \u00e9t\u00e9 &#8220;impos\u00e9 unilat\u00e9ralement&#8221; par les \u00c9tats-Unis, via une &#8220;simple note verbale&#8221;, le 6 juillet 2012.<\/p>\n<p>Cette d\u00e9cision survient apr\u00e8s une visite de trois jours d&#8217;une d\u00e9l\u00e9gation am\u00e9ricaine men\u00e9e par la secr\u00e9taire d&#8217;\u00c9tat adjointe aux Affaires africaines, Molly Phee.<\/p>\n<p>Au cours de cette visite de trois jours, Molly Phee n&#8217;a pas pu rencontrer le chef du r\u00e9gime militaire Abdourahamane Tiani, selon une source gouvernementale nig\u00e9rienne.<\/p>\n<p>&#8220;L&#8217;arriv\u00e9e de la d\u00e9l\u00e9gation am\u00e9ricaine n&#8217;a pas respect\u00e9 les usages diplomatiques&#8221;, a expliqu\u00e9 samedi Amadou Abdramane, assurant que le gouvernement am\u00e9ricain avait inform\u00e9 Niamey de &#8220;fa\u00e7on unilat\u00e9rale&#8221; de sa date d&#8217;arriv\u00e9e et de la composition de sa d\u00e9l\u00e9gation.<\/p>\n<p>&#8220;Attitude condescendante&#8221;<br \/>\n Il a \u00e9galement d\u00e9nonc\u00e9 &#8220;l&#8217;attitude condescendante&#8221; de Molly Phee, &#8220;une attitude de nature \u00e0 saper la nature&#8221; des relations entre les deux pays, selon lui. <\/p>\n<p>Arriv\u00e9e mardi \u00e0 Niamey, cette d\u00e9l\u00e9gation conduite par Molly Phee, secr\u00e9taire d&#8217;\u00c9tat adjointe aux Affaires africaines, devait initialement y passer deux jours, mais avait d\u00e9cid\u00e9 de prolonger son s\u00e9jour, selon la source gouvernementale nig\u00e9rienne.<\/p>\n<p>Elle a cependant pu rencontrer deux fois le Premier ministre nomm\u00e9 par les militaires, Ali Mahaman Lamine Zeine. <\/p>\n<p>Le porte-parole du d\u00e9partement d&#8217;\u00c9tat am\u00e9ricain, Matthew Miller, a fait savoir sur X que Washington avait pris connaissance du communiqu\u00e9 du r\u00e9gime de Niamey et qu&#8217;il faisait suite \u00e0 des &#8220;discussions franches (&#8230;) sur nos pr\u00e9occupations&#8221; concernant la &#8220;trajectoire&#8221; de la junte.<\/p>\n<p>Les \u00c9tats-Unis sont toujours en contact avec la junte et fourniront de nouvelles informations &#8220;si n\u00e9cessaire&#8221;, a-t-il ajout\u00e9 sur le m\u00eame r\u00e9seau social.<\/p>\n<p>Le Pentagone a fourni \u00e0 l&#8217;AFP une d\u00e9claration identique.<\/p>\n<p>Samedi soir, le colonel Abdramane a \u00e9galement \u00e9voqu\u00e9 le retour \u00e0 l&#8217;ordre constitutionnel dans ce pays qui s&#8217;est rapproch\u00e9 de ses voisins le Burkina et le Mali &#8211; eux aussi gouvern\u00e9s par des militaires &#8211; mais aussi de pays comme l&#8217;Iran ou la Russie. <\/p>\n<p>&#8220;Le gouvernement du Niger a r\u00e9affirm\u00e9 sa ferme volont\u00e9 d&#8217;organiser dans les meilleurs d\u00e9lais le retour \u00e0 une vie constitutionnelle normale&#8221;, a-t-il d\u00e9clar\u00e9, assurant qu&#8217;il s&#8217;agissait d&#8217;un &#8220;engagement solennel&#8221; du pr\u00e9sident de la transition, &#8220;tel qu&#8217;exprim\u00e9 dans son adresse \u00e0 la Nation du 19 ao\u00fbt&#8221;.<\/p>\n<p>Lors de ce message, le g\u00e9n\u00e9ral Tiani avait alors \u00e9voqu\u00e9 une transition de trois ans maximum et que sa dur\u00e9e serait fix\u00e9e par un &#8220;dialogue national&#8221;.<\/p>\n<p>Depuis le coup d&#8217;\u00c9tat, le Niger a notamment &#8211; comme le Burkina et le Mali &#8211; quitt\u00e9 la Communaut\u00e9 \u00e9conomique des \u00c9tats d&#8217;Afrique de l&#8217;ouest (C\u00e9d\u00e9ao) qui l&#8217;avait lourdement sanctionn\u00e9. <\/p>\n<p>Fin f\u00e9vrier, la C\u00e9d\u00e9ao avait d\u00e9cid\u00e9 de lever une grande partie de ces sanctions. <\/p>\n<p>Le Niger, le Burkina et le Mali ont annonc\u00e9 la cr\u00e9ation d&#8217;une force conjointe pour lutter contre les jihadistes qui frappent r\u00e9guli\u00e8rement leurs trois pays.<\/p>\n<p>https:\/\/www.france24.com\/fr\/afrique\/20240317-niger-la-junte-au-pouvoir-rompt-la-coop%C3%A9ration-militaire-avec-les-%C3%A9tats-unis<\/p>\n","protected":false},"excerpt":{"rendered":"<p>La junte militaire au pouvoir au Niger a mis fin \u00e0 un accord militaire autorisant la pr\u00e9sence des membres du personnel militaire et civil du d\u00e9partement am\u00e9ricain de la D\u00e9fense sur son territoire, a d\u00e9clar\u00e9, samedi, le porte-parole de la junte, le colonel Amadou Abdramane. Cette d\u00e9cision intervient apr\u00e8s une visite effectu\u00e9e cette semaine par &hellip;<\/p>\n","protected":false},"author":2,"featured_media":8896,"comment_status":"open","ping_status":"open","sticky":false,"template":"","format":"standard","meta":{"footnotes":""},"categories":[18,29,28],"tags":[],"class_list":["post-8895","post","type-post","status-publish","format-standard","has-post-thumbnail","hentry","category-actualites","category-monde","category-sahel"],"_links":{"self":[{"href":"https:\/\/ladepeche.mr\/index.php?rest_route=\/wp\/v2\/posts\/8895","targetHints":{"allow":["GET"]}}],"collection":[{"href":"https:\/\/ladepeche.mr\/index.php?rest_route=\/wp\/v2\/posts"}],"about":[{"href":"https:\/\/ladepeche.mr\/index.php?rest_route=\/wp\/v2\/types\/post"}],"author":[{"embeddable":true,"href":"https:\/\/ladepeche.mr\/index.php?rest_route=\/wp\/v2\/users\/2"}],"replies":[{"embeddable":true,"href":"https:\/\/ladepeche.mr\/index.php?rest_route=%2Fwp%2Fv2%2Fcomments&post=8895"}],"version-history":[{"count":1,"href":"https:\/\/ladepeche.mr\/index.php?rest_route=\/wp\/v2\/posts\/8895\/revisions"}],"predecessor-version":[{"id":8897,"href":"https:\/\/ladepeche.mr\/index.php?rest_route=\/wp\/v2\/posts\/8895\/revisions\/8897"}],"wp:featuredmedia":[{"embeddable":true,"href":"https:\/\/ladepeche.mr\/index.php?rest_route=\/wp\/v2\/media\/8896"}],"wp:attachment":[{"href":"https:\/\/ladepeche.mr\/index.php?rest_route=%2Fwp%2Fv2%2Fmedia&parent=8895"}],"wp:term":[{"taxonomy":"category","embeddable":true,"href":"https:\/\/ladepeche.mr\/index.php?rest_route=%2Fwp%2Fv2%2Fcategories&post=8895"},{"taxonomy":"post_tag","embeddable":true,"href":"https:\/\/ladepeche.mr\/index.php?rest_route=%2Fwp%2Fv2%2Ftags&post=8895"}],"curies":[{"name":"wp","href":"https:\/\/api.w.org\/{rel}","templated":true}]}}