{"id":8904,"date":"2024-03-18T14:47:21","date_gmt":"2024-03-18T14:47:21","guid":{"rendered":"https:\/\/ladepeche.mr\/?p=8904"},"modified":"2024-03-18T14:48:11","modified_gmt":"2024-03-18T14:48:11","slug":"signature-dun-accord-avec-le-pnud-pour-lacceleration-de-la-transformation-numerique","status":"publish","type":"post","link":"https:\/\/ladepeche.mr\/?p=8904","title":{"rendered":"Gouvernement: Signature d\u2019un accord avec le PNUD pour l\u2019acc\u00e9l\u00e9ration de la transformation num\u00e9rique"},"content":{"rendered":"<p>Le ministre de la Transformation num\u00e9rique, de l\u2019Innovation et de la Modernisation de l\u2019Administration, M. Mohamed Abdallahi Louly, et le repr\u00e9sentant du Programme des Nations unies pour le d\u00e9veloppement (PNUD), S.E. Mansour Ndiaye, ont sign\u00e9, lundi \u00e0 Nouakchott, une convention de partenariat entre le minist\u00e8re et le PNUD pour acc\u00e9l\u00e9rer la transformation num\u00e9rique en Mauritanie.<\/p>\n<p>A travers la signature de ce partenariat, d\u2019une dur\u00e9e de trois ans, le minist\u00e8re vise l\u2019atteinte plusieurs objectifs : d\u00e9finir et mettre en \u0153uvre un syst\u00e8me national d\u2019orientation et de coordination de la transformation num\u00e9rique \u00e0 travers le d\u00e9veloppement de solutions num\u00e9riques \u00e0 impact rapide, avec une priorit\u00e9 donn\u00e9e \u00e0 l\u2019int\u00e9gration des femmes et des jeunes dans le cycle \u00e9conomique ; d\u00e9velopper un syst\u00e8me national pour encourager, soutenir et d\u00e9velopper un \u00e9cosyst\u00e8me d\u2019innovation inclusif et stimulant ; et d\u00e9velopper un syst\u00e8me national pour soutenir la modernisation de l\u2019administration et promouvoir la participation des femmes et des jeunes filles dans les TIC en Mauritanie.<\/p>\n<p>La signature de cet accord s\u2019inscrit dans le cadre de la mise en \u0153uvre du volet num\u00e9risation du Cadre de coop\u00e9ration pour le d\u00e9veloppement durable en Mauritanie (2024-2027), sign\u00e9 par le gouvernement mauritanien et le syst\u00e8me des Nations unies le 23 janvier 2024.<\/p>\n<p>Le minist\u00e8re travaillera en \u00e9troite collaboration avec toutes les parties prenantes et partenaires, en particulier les secteurs minist\u00e9riels concern\u00e9s, le secteur priv\u00e9 et la soci\u00e9t\u00e9 civile, pour mettre en \u0153uvre le projet d\u2019accord.<\/p>\n<p>La c\u00e9r\u00e9monie de signature s\u2019est d\u00e9roul\u00e9e en pr\u00e9sence du secr\u00e9taire g\u00e9n\u00e9ral du minist\u00e8re et de plusieurs responsables du d\u00e9partement.<br \/>\nAmi<\/p>\n","protected":false},"excerpt":{"rendered":"<p>Le ministre de la Transformation num\u00e9rique, de l\u2019Innovation et de la Modernisation de l\u2019Administration, M. Mohamed Abdallahi Louly, et le repr\u00e9sentant du Programme des Nations unies pour le d\u00e9veloppement (PNUD), S.E. Mansour Ndiaye, ont sign\u00e9, lundi \u00e0 Nouakchott, une convention de partenariat entre le minist\u00e8re et le PNUD pour acc\u00e9l\u00e9rer la transformation num\u00e9rique en Mauritanie. &hellip;<\/p>\n","protected":false},"author":2,"featured_media":8905,"comment_status":"open","ping_status":"open","sticky":false,"template":"","format":"standard","meta":{"footnotes":""},"categories":[18,2],"tags":[],"class_list":["post-8904","post","type-post","status-publish","format-standard","has-post-thumbnail","hentry","category-actualites","category-economie"],"_links":{"self":[{"href":"https:\/\/ladepeche.mr\/index.php?rest_route=\/wp\/v2\/posts\/8904","targetHints":{"allow":["GET"]}}],"collection":[{"href":"https:\/\/ladepeche.mr\/index.php?rest_route=\/wp\/v2\/posts"}],"about":[{"href":"https:\/\/ladepeche.mr\/index.php?rest_route=\/wp\/v2\/types\/post"}],"author":[{"embeddable":true,"href":"https:\/\/ladepeche.mr\/index.php?rest_route=\/wp\/v2\/users\/2"}],"replies":[{"embeddable":true,"href":"https:\/\/ladepeche.mr\/index.php?rest_route=%2Fwp%2Fv2%2Fcomments&post=8904"}],"version-history":[{"count":2,"href":"https:\/\/ladepeche.mr\/index.php?rest_route=\/wp\/v2\/posts\/8904\/revisions"}],"predecessor-version":[{"id":8907,"href":"https:\/\/ladepeche.mr\/index.php?rest_route=\/wp\/v2\/posts\/8904\/revisions\/8907"}],"wp:featuredmedia":[{"embeddable":true,"href":"https:\/\/ladepeche.mr\/index.php?rest_route=\/wp\/v2\/media\/8905"}],"wp:attachment":[{"href":"https:\/\/ladepeche.mr\/index.php?rest_route=%2Fwp%2Fv2%2Fmedia&parent=8904"}],"wp:term":[{"taxonomy":"category","embeddable":true,"href":"https:\/\/ladepeche.mr\/index.php?rest_route=%2Fwp%2Fv2%2Fcategories&post=8904"},{"taxonomy":"post_tag","embeddable":true,"href":"https:\/\/ladepeche.mr\/index.php?rest_route=%2Fwp%2Fv2%2Ftags&post=8904"}],"curies":[{"name":"wp","href":"https:\/\/api.w.org\/{rel}","templated":true}]}}