{"id":8913,"date":"2024-03-18T22:38:15","date_gmt":"2024-03-18T22:38:15","guid":{"rendered":"https:\/\/ladepeche.mr\/?p=8913"},"modified":"2024-03-18T22:38:15","modified_gmt":"2024-03-18T22:38:15","slug":"renforcement-des-mecanismes-judiciaires-pour-le-respect-des-droits-humains-ameliorer-le-niveau-de-coordination-des-organes-et-mecanismes-nationaux","status":"publish","type":"post","link":"https:\/\/ladepeche.mr\/?p=8913","title":{"rendered":"Renforcement des m\u00e9canismes judiciaires pour le respect des droits humains : Am\u00e9liorer le niveau de coordination des organes et m\u00e9canismes nationaux"},"content":{"rendered":"<p>Le Premier ministre, Mohamed Ould Bilal Messaoud a pr\u00e9sid\u00e9, lundi une r\u00e9union ordinaire du Comit\u00e9 minist\u00e9riel charg\u00e9 des droits de l\u2019homme pour faire le point du suivi du renforcement des m\u00e9canismes judiciaires.<br \/>\nDes pr\u00e9sentations suivies de d\u00e9bats du comit\u00e9 sur le suivi des violations des droits de l\u2019Homme et la mise en place d\u2019une feuille de route contre la traite des \u00eatres humains ont \u00e9maill\u00e9 la rencontre. Les discussions ont \u00e9galement port\u00e9 sur le niveau de coordination du des organes et m\u00e9canismes nationaux en charge des droits de l\u2019Homme mais aussi sur le niveau enregistr\u00e9 en termes de progr\u00e8s dans l\u2019harmonisation des textes nationaux avec les obligations internationales pour notre pays. Un aspect sur lequel aurait insist\u00e9 le premier Ministre, rappelant que la promotion des droits de l\u2019Homme reste \u00ab un chantier fondamental et un pilier essentiel du programme de Son Excellence le Pr\u00e9sident de la R\u00e9publique, Monsieur Mohamed Ould Cheikh Al El-Ghazwani, \u00e0 travers l\u2019instauration d\u2019une culture de la citoyennet\u00e9 et des droits de l\u2019homme dans les diff\u00e9rents domaines \u00bb.<\/p>\n","protected":false},"excerpt":{"rendered":"<p>Le Premier ministre, Mohamed Ould Bilal Messaoud a pr\u00e9sid\u00e9, lundi une r\u00e9union ordinaire du Comit\u00e9 minist\u00e9riel charg\u00e9 des droits de l\u2019homme pour faire le point du suivi du renforcement des m\u00e9canismes judiciaires. Des pr\u00e9sentations suivies de d\u00e9bats du comit\u00e9 sur le suivi des violations des droits de l\u2019Homme et la mise en place d\u2019une feuille &hellip;<\/p>\n","protected":false},"author":2,"featured_media":8914,"comment_status":"open","ping_status":"open","sticky":false,"template":"","format":"standard","meta":{"footnotes":""},"categories":[18,31],"tags":[],"class_list":["post-8913","post","type-post","status-publish","format-standard","has-post-thumbnail","hentry","category-actualites","category-politique-et-reportages"],"_links":{"self":[{"href":"https:\/\/ladepeche.mr\/index.php?rest_route=\/wp\/v2\/posts\/8913","targetHints":{"allow":["GET"]}}],"collection":[{"href":"https:\/\/ladepeche.mr\/index.php?rest_route=\/wp\/v2\/posts"}],"about":[{"href":"https:\/\/ladepeche.mr\/index.php?rest_route=\/wp\/v2\/types\/post"}],"author":[{"embeddable":true,"href":"https:\/\/ladepeche.mr\/index.php?rest_route=\/wp\/v2\/users\/2"}],"replies":[{"embeddable":true,"href":"https:\/\/ladepeche.mr\/index.php?rest_route=%2Fwp%2Fv2%2Fcomments&post=8913"}],"version-history":[{"count":1,"href":"https:\/\/ladepeche.mr\/index.php?rest_route=\/wp\/v2\/posts\/8913\/revisions"}],"predecessor-version":[{"id":8915,"href":"https:\/\/ladepeche.mr\/index.php?rest_route=\/wp\/v2\/posts\/8913\/revisions\/8915"}],"wp:featuredmedia":[{"embeddable":true,"href":"https:\/\/ladepeche.mr\/index.php?rest_route=\/wp\/v2\/media\/8914"}],"wp:attachment":[{"href":"https:\/\/ladepeche.mr\/index.php?rest_route=%2Fwp%2Fv2%2Fmedia&parent=8913"}],"wp:term":[{"taxonomy":"category","embeddable":true,"href":"https:\/\/ladepeche.mr\/index.php?rest_route=%2Fwp%2Fv2%2Fcategories&post=8913"},{"taxonomy":"post_tag","embeddable":true,"href":"https:\/\/ladepeche.mr\/index.php?rest_route=%2Fwp%2Fv2%2Ftags&post=8913"}],"curies":[{"name":"wp","href":"https:\/\/api.w.org\/{rel}","templated":true}]}}