{"id":8924,"date":"2024-03-20T15:10:40","date_gmt":"2024-03-20T15:10:40","guid":{"rendered":"https:\/\/ladepeche.mr\/?p=8924"},"modified":"2024-03-20T15:10:40","modified_gmt":"2024-03-20T15:10:40","slug":"social-le-gouvernement-penche-sur-le-cadre-juridique-dun-fonds-national-de-pensions-pour-le-secteur-public","status":"publish","type":"post","link":"https:\/\/ladepeche.mr\/?p=8924","title":{"rendered":"Social- le gouvernement penche sur le cadre juridique d&#8217;un fonds national de pensions pour le secteur public"},"content":{"rendered":"<p>La r\u00e9flexion est engag\u00e9e, au sein du comit\u00e9 technique charg\u00e9 de l\u2019examen du cadre juridique des pensions des employ\u00e9s du secteur public (Etat), afin de \u00abcr\u00e9er un m\u00e9canisme pour la mise en \u0153uvre du fonds de pension des fonctionnaires de l\u2019\u00c9tat \u00bb.<br \/>\nL\u2019objectif de la future loi est d\u2019aider \u00e0 promouvoir les conditions de vie et la situation g\u00e9n\u00e9rale des fonctionnaires et agents de l\u2019\u00c9tat.<br \/>\nEn effet, et sous l\u2019\u00e9gide du premier Ministre, Mohamed Ould Bilal, le comit\u00e9 technique s\u2019est r\u00e9uni pour discuter d\u2019une r\u00e9vision du projet de loi sur les pensions du secteur public afin de cerner les questions juridiques li\u00e9es \u00e0 la mise en place d\u2019un fonds national de pension au profit des employ\u00e9s de l\u2019Etat.<br \/>\nDans une intervention sur le chantier de la r\u00e9vision de la loi sur les pensions, le premier Ministre, a rappel\u00e9 tout l\u2019int\u00e9r\u00eat que le pr\u00e9sident Ghazouani accorde \u00e0 cette initiative et urg\u00e9 le d\u00e9partement de tutelle \u00ab\u00e0 poursuivre la coordination avec les autres secteurs minist\u00e9riels intervenant et \u00e0 prendre en compte les observations et suggestions du comit\u00e9 technique dans la derni\u00e8re version du texte \u00bb. La mise en place du fonds de pension devrait retenir et contribuer \u00e0 satisfaire certaines dol\u00e9ances des partenaires sociaux<br \/>\nNotons enfin que l\u2019\u00e9bauche d\u00e9finitive du nouveau projet sera soumise pour approbation en conseil des ministres avant d\u2019\u00eatre d\u00e9battue normalement \u00e0 l\u2019assembl\u00e9e nationale pour son adoption d\u00e9finitive.<\/p>\n","protected":false},"excerpt":{"rendered":"<p>La r\u00e9flexion est engag\u00e9e, au sein du comit\u00e9 technique charg\u00e9 de l\u2019examen du cadre juridique des pensions des employ\u00e9s du secteur public (Etat), afin de \u00abcr\u00e9er un m\u00e9canisme pour la mise en \u0153uvre du fonds de pension des fonctionnaires de l\u2019\u00c9tat \u00bb. L\u2019objectif de la future loi est d\u2019aider \u00e0 promouvoir les conditions de vie &hellip;<\/p>\n","protected":false},"author":2,"featured_media":8925,"comment_status":"open","ping_status":"open","sticky":false,"template":"","format":"standard","meta":{"footnotes":""},"categories":[18,2],"tags":[],"class_list":["post-8924","post","type-post","status-publish","format-standard","has-post-thumbnail","hentry","category-actualites","category-economie"],"_links":{"self":[{"href":"https:\/\/ladepeche.mr\/index.php?rest_route=\/wp\/v2\/posts\/8924","targetHints":{"allow":["GET"]}}],"collection":[{"href":"https:\/\/ladepeche.mr\/index.php?rest_route=\/wp\/v2\/posts"}],"about":[{"href":"https:\/\/ladepeche.mr\/index.php?rest_route=\/wp\/v2\/types\/post"}],"author":[{"embeddable":true,"href":"https:\/\/ladepeche.mr\/index.php?rest_route=\/wp\/v2\/users\/2"}],"replies":[{"embeddable":true,"href":"https:\/\/ladepeche.mr\/index.php?rest_route=%2Fwp%2Fv2%2Fcomments&post=8924"}],"version-history":[{"count":1,"href":"https:\/\/ladepeche.mr\/index.php?rest_route=\/wp\/v2\/posts\/8924\/revisions"}],"predecessor-version":[{"id":8926,"href":"https:\/\/ladepeche.mr\/index.php?rest_route=\/wp\/v2\/posts\/8924\/revisions\/8926"}],"wp:featuredmedia":[{"embeddable":true,"href":"https:\/\/ladepeche.mr\/index.php?rest_route=\/wp\/v2\/media\/8925"}],"wp:attachment":[{"href":"https:\/\/ladepeche.mr\/index.php?rest_route=%2Fwp%2Fv2%2Fmedia&parent=8924"}],"wp:term":[{"taxonomy":"category","embeddable":true,"href":"https:\/\/ladepeche.mr\/index.php?rest_route=%2Fwp%2Fv2%2Fcategories&post=8924"},{"taxonomy":"post_tag","embeddable":true,"href":"https:\/\/ladepeche.mr\/index.php?rest_route=%2Fwp%2Fv2%2Ftags&post=8924"}],"curies":[{"name":"wp","href":"https:\/\/api.w.org\/{rel}","templated":true}]}}