{"id":8931,"date":"2024-03-20T22:03:48","date_gmt":"2024-03-20T22:03:48","guid":{"rendered":"https:\/\/ladepeche.mr\/?p=8931"},"modified":"2024-03-20T22:03:48","modified_gmt":"2024-03-20T22:03:48","slug":"gouvernement-combler-les-lacunes-dans-la-mise-en-oeuvre-de-la-loi-incriminant-lesclavage","status":"publish","type":"post","link":"https:\/\/ladepeche.mr\/?p=8931","title":{"rendered":"Gouvernement : Combler les lacunes dans la mise en \u0153uvre de la loi incriminant l&#8217;esclavage"},"content":{"rendered":"<p>Le gouvernement Mauritanien a approuv\u00e9, mercredi 20 mars 2024,, lors de sa r\u00e9union hebdomadaire, un projet de loi portant cr\u00e9ation du Tribunal Sp\u00e9cialis\u00e9 pour la lutte contre l\u2019esclavage, la traite de personnes et le trafic de migrants.<br \/>\nLe nouveau projet vient conforter la volont\u00e9 d\u2019\u00e9radiquer et lutter contre ces ph\u00e9nom\u00e8nes en assurant une plus grande efficacit\u00e9 dans le traitement judiciaire de ces crimes et en corrigeant les lacunes constat\u00e9es dans la mise en pratique de la loi n\u00b0 2015-031 en date du 10 septembre 2015, portant incrimination de l\u2019esclavage et r\u00e9primant les pratiques esclavagistes.<br \/>\nLes am\u00e9liorations comprises dans les nouvelles r\u00e9formes portent sur le nombre, la composition et le fonctionnement des cours sp\u00e9cialis\u00e9es de lutte contre l\u2019esclavage, institu\u00e9es par ladite loi. Elles visent notamment l\u2019harmonisation de la r\u00e9ponse judiciaire nationale face aux trois ph\u00e9nom\u00e8nes, le renforcement de la protection des droits de l\u2019homme et encourager la proximit\u00e9 de la justice p\u00e9nales des requ\u00e9rants en la mati\u00e8re.<\/p>\n<blockquote class=\"wp-embedded-content\" data-secret=\"Q266yPgvvG\"><p><a href=\"https:\/\/ladepeche.mr\/?p=8913\">Renforcement des m\u00e9canismes judiciaires pour le respect des droits humains : Am\u00e9liorer le niveau de coordination des organes et m\u00e9canismes nationaux<\/a><\/p><\/blockquote>\n<p><iframe loading=\"lazy\" class=\"wp-embedded-content\" sandbox=\"allow-scripts\" security=\"restricted\" style=\"position: absolute; clip: rect(1px, 1px, 1px, 1px);\" title=\"&#8220;Renforcement des m\u00e9canismes judiciaires pour le respect des droits humains : Am\u00e9liorer le niveau de coordination des organes et m\u00e9canismes nationaux&#8221; &#8212; La D\u00e9p\u00eache  de Mauritanie et du Sahel\" src=\"https:\/\/ladepeche.mr\/?p=8913&#038;embed=true#?secret=0adqmCMQ76#?secret=Q266yPgvvG\" data-secret=\"Q266yPgvvG\" width=\"500\" height=\"282\" frameborder=\"0\" marginwidth=\"0\" marginheight=\"0\" scrolling=\"no\"><\/iframe><br \/>\nRappelons que dans une r\u00e9union organis\u00e9 au cours de la semaine avec le comit\u00e9 minist\u00e9riel en charge de la promotion des droits de l\u2019Homme, le premier Ministre, Mohamed Bilal, avait insist\u00e9 sur l\u2019am\u00e9lioration du niveau de coordination des organes et m\u00e9canismes nationaux dans ce domaine et sur l\u2019int\u00e9r\u00eat particulier que lui accordait le pr\u00e9sident de la R\u00e9publique.<\/p>\n","protected":false},"excerpt":{"rendered":"<p>Le gouvernement Mauritanien a approuv\u00e9, mercredi 20 mars 2024,, lors de sa r\u00e9union hebdomadaire, un projet de loi portant cr\u00e9ation du Tribunal Sp\u00e9cialis\u00e9 pour la lutte contre l\u2019esclavage, la traite de personnes et le trafic de migrants. Le nouveau projet vient conforter la volont\u00e9 d\u2019\u00e9radiquer et lutter contre ces ph\u00e9nom\u00e8nes en assurant une plus grande &hellip;<\/p>\n","protected":false},"author":2,"featured_media":8932,"comment_status":"open","ping_status":"open","sticky":false,"template":"","format":"standard","meta":{"footnotes":""},"categories":[18],"tags":[],"class_list":["post-8931","post","type-post","status-publish","format-standard","has-post-thumbnail","hentry","category-actualites"],"_links":{"self":[{"href":"https:\/\/ladepeche.mr\/index.php?rest_route=\/wp\/v2\/posts\/8931","targetHints":{"allow":["GET"]}}],"collection":[{"href":"https:\/\/ladepeche.mr\/index.php?rest_route=\/wp\/v2\/posts"}],"about":[{"href":"https:\/\/ladepeche.mr\/index.php?rest_route=\/wp\/v2\/types\/post"}],"author":[{"embeddable":true,"href":"https:\/\/ladepeche.mr\/index.php?rest_route=\/wp\/v2\/users\/2"}],"replies":[{"embeddable":true,"href":"https:\/\/ladepeche.mr\/index.php?rest_route=%2Fwp%2Fv2%2Fcomments&post=8931"}],"version-history":[{"count":1,"href":"https:\/\/ladepeche.mr\/index.php?rest_route=\/wp\/v2\/posts\/8931\/revisions"}],"predecessor-version":[{"id":8933,"href":"https:\/\/ladepeche.mr\/index.php?rest_route=\/wp\/v2\/posts\/8931\/revisions\/8933"}],"wp:featuredmedia":[{"embeddable":true,"href":"https:\/\/ladepeche.mr\/index.php?rest_route=\/wp\/v2\/media\/8932"}],"wp:attachment":[{"href":"https:\/\/ladepeche.mr\/index.php?rest_route=%2Fwp%2Fv2%2Fmedia&parent=8931"}],"wp:term":[{"taxonomy":"category","embeddable":true,"href":"https:\/\/ladepeche.mr\/index.php?rest_route=%2Fwp%2Fv2%2Fcategories&post=8931"},{"taxonomy":"post_tag","embeddable":true,"href":"https:\/\/ladepeche.mr\/index.php?rest_route=%2Fwp%2Fv2%2Ftags&post=8931"}],"curies":[{"name":"wp","href":"https:\/\/api.w.org\/{rel}","templated":true}]}}