{"id":8934,"date":"2024-03-20T22:41:25","date_gmt":"2024-03-20T22:41:25","guid":{"rendered":"https:\/\/ladepeche.mr\/?p=8934"},"modified":"2024-03-20T22:41:25","modified_gmt":"2024-03-20T22:41:25","slug":"conference-sur-la-transition-energetique-nani-chrougha-vend-un-projet-pilote-dhydrogene-vert","status":"publish","type":"post","link":"https:\/\/ladepeche.mr\/?p=8934","title":{"rendered":"Conf\u00e9rence sur la transition \u00e9nerg\u00e9tique- Nani Chrougha vend un projet pilote d\u2019hydrog\u00e8ne vert !"},"content":{"rendered":"<p>Le ministre du p\u00e9trole, des mines et de l\u2019\u00e9nergie, porte-parole du gouvernement, M. Nani Ould Chrougha, a tent\u00e9, en marge de la Conf\u00e9rence sur la transition \u00e9nerg\u00e9tique, h\u00e9berg\u00e9e par l\u2019Allemagne, de convaincre le gouvernement allemand du bien-fond\u00e9 d\u2019un projet pilote d\u2019hydrog\u00e8ne vert en Mauritanie.<br \/>\nNani Ould Chrougha a notamment expliqu\u00e9 l\u2019int\u00e9r\u00eat d\u2019un tel projet lors d\u2019une s\u00e9ance de travail tenue mercredi matin avec le Dr Philipp Nimmermann, secr\u00e9taire d\u2019\u00c9tat et ministre au minist\u00e8re f\u00e9d\u00e9ral de l\u2019\u00c9conomie et de la Protection du climat du gouvernement f\u00e9d\u00e9ral allemand.<br \/>\nLes deux parties ont pass\u00e9 en revue les opportunit\u00e9s de coop\u00e9ration dans les domaines de l\u2019\u00e9nergie et abord\u00e9 l\u2019\u00e9ventualit\u00e9 du projet pilote d\u2019\u00e9nergie verte en Mauritanie.<br \/>\nLe ministre allemand dont le pays est l\u2019un des premiers d\u00e9fenseurs des \u00e9nergies propres dans le monde aurait \u00e9t\u00e9 emball\u00e9 par l\u2019id\u00e9e du projet pilote et devrait en discuter plus amplement avec notre ministre lors d\u2019une visite ult\u00e9rieure dans notre pays.<br \/>\nLa Mauritanie vient d\u2019organiser, rappelle-t-on, des journ\u00e9es de r\u00e9flexion pour l\u2019\u00e9laboration d\u2019un cadre juridique qui devrait \u00eatre adopt\u00e9 par le gouvernement courant 2024 ouvrant ainsi la porte aux nombreux investisseurs porteurs de projets d\u2019hydrog\u00e8ne vert qui se bousculent aux portes du d\u00e9partement de tutelle.<\/p>\n","protected":false},"excerpt":{"rendered":"<p>Le ministre du p\u00e9trole, des mines et de l\u2019\u00e9nergie, porte-parole du gouvernement, M. Nani Ould Chrougha, a tent\u00e9, en marge de la Conf\u00e9rence sur la transition \u00e9nerg\u00e9tique, h\u00e9berg\u00e9e par l\u2019Allemagne, de convaincre le gouvernement allemand du bien-fond\u00e9 d\u2019un projet pilote d\u2019hydrog\u00e8ne vert en Mauritanie. Nani Ould Chrougha a notamment expliqu\u00e9 l\u2019int\u00e9r\u00eat d\u2019un tel projet lors &hellip;<\/p>\n","protected":false},"author":2,"featured_media":8936,"comment_status":"open","ping_status":"open","sticky":false,"template":"","format":"standard","meta":{"footnotes":""},"categories":[18,2],"tags":[],"class_list":["post-8934","post","type-post","status-publish","format-standard","has-post-thumbnail","hentry","category-actualites","category-economie"],"_links":{"self":[{"href":"https:\/\/ladepeche.mr\/index.php?rest_route=\/wp\/v2\/posts\/8934","targetHints":{"allow":["GET"]}}],"collection":[{"href":"https:\/\/ladepeche.mr\/index.php?rest_route=\/wp\/v2\/posts"}],"about":[{"href":"https:\/\/ladepeche.mr\/index.php?rest_route=\/wp\/v2\/types\/post"}],"author":[{"embeddable":true,"href":"https:\/\/ladepeche.mr\/index.php?rest_route=\/wp\/v2\/users\/2"}],"replies":[{"embeddable":true,"href":"https:\/\/ladepeche.mr\/index.php?rest_route=%2Fwp%2Fv2%2Fcomments&post=8934"}],"version-history":[{"count":1,"href":"https:\/\/ladepeche.mr\/index.php?rest_route=\/wp\/v2\/posts\/8934\/revisions"}],"predecessor-version":[{"id":8937,"href":"https:\/\/ladepeche.mr\/index.php?rest_route=\/wp\/v2\/posts\/8934\/revisions\/8937"}],"wp:featuredmedia":[{"embeddable":true,"href":"https:\/\/ladepeche.mr\/index.php?rest_route=\/wp\/v2\/media\/8936"}],"wp:attachment":[{"href":"https:\/\/ladepeche.mr\/index.php?rest_route=%2Fwp%2Fv2%2Fmedia&parent=8934"}],"wp:term":[{"taxonomy":"category","embeddable":true,"href":"https:\/\/ladepeche.mr\/index.php?rest_route=%2Fwp%2Fv2%2Fcategories&post=8934"},{"taxonomy":"post_tag","embeddable":true,"href":"https:\/\/ladepeche.mr\/index.php?rest_route=%2Fwp%2Fv2%2Ftags&post=8934"}],"curies":[{"name":"wp","href":"https:\/\/api.w.org\/{rel}","templated":true}]}}