{"id":8938,"date":"2024-03-21T02:03:27","date_gmt":"2024-03-21T02:03:27","guid":{"rendered":"https:\/\/ladepeche.mr\/?p=8938"},"modified":"2024-03-21T02:04:19","modified_gmt":"2024-03-21T02:04:19","slug":"le-nicaragua-depose-plainte-contre-lallemagne-devant-la-cour-internationale-de-justice-cij","status":"publish","type":"post","link":"https:\/\/ladepeche.mr\/?p=8938","title":{"rendered":"Le Nicaragua d\u00e9pose plainte contre l&#8217;Allemagne devant la Cour internationale de justice (CIJ)"},"content":{"rendered":"<p>Au motif qu&#8217;elle a &#8220;facilit\u00e9 la commission d&#8217;un g\u00e9nocide&#8221; en apportant un soutien politique, financier et militaire aux actions d&#8217;Isra\u00ebl \u00e0 Gaza.<br \/>\nLe Nicaragua a d\u00e9pos\u00e9 une plainte contre l&#8217;Allemagne devant la Cour internationale de justice (CIJ), demandant une injonction temporaire au motif qu&#8217;elle a &#8220;facilit\u00e9 la commission d&#8217;un g\u00e9nocide&#8221; en apportant un soutien politique, financier et militaire aux actions d&#8217;Isra\u00ebl \u00e0 Gaza.<\/p>\n<p>Dans une d\u00e9claration \u00e9crite de la CIJ, il a \u00e9t\u00e9 annonc\u00e9 que le Nicaragua avait intent\u00e9 une action en justice contre l&#8217;Allemagne.<\/p>\n<p>Selon la d\u00e9claration, le Nicaragua accuse l&#8217;Allemagne d&#8217;avoir manqu\u00e9 \u00e0 ses obligations internationales dans les territoires palestiniens occup\u00e9s, en particulier dans la bande de Gaza.<\/p>\n<p>Dans sa requ\u00eate \u00e0 la Cour, le Nicaragua a accus\u00e9 l&#8217;Allemagne de &#8220;faciliter la commission d&#8217;un g\u00e9nocide par Isra\u00ebl et, en tout \u00e9tat de cause, de manquer \u00e0 son obligation de faire tout ce qui est en son pouvoir pour pr\u00e9venir un g\u00e9nocide&#8221; en apportant un soutien politique, financier et militaire \u00e0 Isra\u00ebl et en r\u00e9duisant le financement de l&#8217;Office de secours et de travaux des Nations unies pour les r\u00e9fugi\u00e9s de Palestine dans le Proche-Orient (UNRWA).<\/p>\n<p>Le Nicaragua a fait valoir que le soutien de l&#8217;Allemagne \u00e0 Isra\u00ebl \u00e9tait contraire \u00e0 la convention de 1948 pour la pr\u00e9vention et la r\u00e9pression du crime de g\u00e9nocide (convention sur le g\u00e9nocide), aux conventions de Gen\u00e8ve de 1949 et \u00e0 leurs protocoles additionnels, aux principes inviolables du droit humanitaire international et \u00e0 d&#8217;autres normes g\u00e9n\u00e9rales du droit international.<\/p>\n<p>Soulignant le &#8220;risque confirm\u00e9 de g\u00e9nocide contre le peuple palestinien dans la bande de Gaza&#8221; depuis octobre 2023, le Nicaragua a rappel\u00e9 que &#8220;tout \u00c9tat partie \u00e0 la convention sur le g\u00e9nocide est tenu, en vertu de la convention, de faire tout ce qui est en son pouvoir pour emp\u00eacher la commission de ce crime&#8221;.<\/p>\n<p>Conform\u00e9ment \u00e0 l&#8217;article 41 du statut de la CIJ et aux articles 73, 74 et 75 de son r\u00e8glement, le Nicaragua a demand\u00e9 \u00e0 la Cour d&#8217;accorder une injonction au motif que &#8220;l&#8217;Allemagne participe \u00e0 l&#8217;\u00e9ventuel g\u00e9nocide dans la bande de Gaza et \u00e0 de graves violations du droit international humanitaire et d&#8217;autres normes imp\u00e9ratives du droit international g\u00e9n\u00e9ral&#8221;.<br \/>\nhttps:\/\/www.aa.com.tr\/fr\/monde\/le-nicaragua-d%C3%A9pose-plainte-contre-lallemagne-devant-la-cour-internationale-de-justice-cij\/3152932#:~:text=Le%20Nicaragua%20a%20d%C3%A9pos%C3%A9%20une,actions%20d&#8217;Isra%C3%ABl%20%C3%A0%20Gaza.<\/p>\n","protected":false},"excerpt":{"rendered":"<p>Au motif qu&#8217;elle a &#8220;facilit\u00e9 la commission d&#8217;un g\u00e9nocide&#8221; en apportant un soutien politique, financier et militaire aux actions d&#8217;Isra\u00ebl \u00e0 Gaza. Le Nicaragua a d\u00e9pos\u00e9 une plainte contre l&#8217;Allemagne devant la Cour internationale de justice (CIJ), demandant une injonction temporaire au motif qu&#8217;elle a &#8220;facilit\u00e9 la commission d&#8217;un g\u00e9nocide&#8221; en apportant un soutien politique, &hellip;<\/p>\n","protected":false},"author":2,"featured_media":8939,"comment_status":"open","ping_status":"open","sticky":false,"template":"","format":"standard","meta":{"footnotes":""},"categories":[18,29],"tags":[],"class_list":["post-8938","post","type-post","status-publish","format-standard","has-post-thumbnail","hentry","category-actualites","category-monde"],"_links":{"self":[{"href":"https:\/\/ladepeche.mr\/index.php?rest_route=\/wp\/v2\/posts\/8938","targetHints":{"allow":["GET"]}}],"collection":[{"href":"https:\/\/ladepeche.mr\/index.php?rest_route=\/wp\/v2\/posts"}],"about":[{"href":"https:\/\/ladepeche.mr\/index.php?rest_route=\/wp\/v2\/types\/post"}],"author":[{"embeddable":true,"href":"https:\/\/ladepeche.mr\/index.php?rest_route=\/wp\/v2\/users\/2"}],"replies":[{"embeddable":true,"href":"https:\/\/ladepeche.mr\/index.php?rest_route=%2Fwp%2Fv2%2Fcomments&post=8938"}],"version-history":[{"count":2,"href":"https:\/\/ladepeche.mr\/index.php?rest_route=\/wp\/v2\/posts\/8938\/revisions"}],"predecessor-version":[{"id":8941,"href":"https:\/\/ladepeche.mr\/index.php?rest_route=\/wp\/v2\/posts\/8938\/revisions\/8941"}],"wp:featuredmedia":[{"embeddable":true,"href":"https:\/\/ladepeche.mr\/index.php?rest_route=\/wp\/v2\/media\/8939"}],"wp:attachment":[{"href":"https:\/\/ladepeche.mr\/index.php?rest_route=%2Fwp%2Fv2%2Fmedia&parent=8938"}],"wp:term":[{"taxonomy":"category","embeddable":true,"href":"https:\/\/ladepeche.mr\/index.php?rest_route=%2Fwp%2Fv2%2Fcategories&post=8938"},{"taxonomy":"post_tag","embeddable":true,"href":"https:\/\/ladepeche.mr\/index.php?rest_route=%2Fwp%2Fv2%2Ftags&post=8938"}],"curies":[{"name":"wp","href":"https:\/\/api.w.org\/{rel}","templated":true}]}}