{"id":8943,"date":"2024-03-21T15:08:07","date_gmt":"2024-03-21T15:08:07","guid":{"rendered":"https:\/\/ladepeche.mr\/?p=8943"},"modified":"2024-03-21T15:08:07","modified_gmt":"2024-03-21T15:08:07","slug":"le-ministre-de-leconomie-signe-une-convention-de-financement-avec-lida-dune-valeur-de-45-millions-de-dollars-us-2","status":"publish","type":"post","link":"https:\/\/ladepeche.mr\/?p=8943","title":{"rendered":"Le ministre de l&#8217;\u00c9conomie signe une convention de financement avec l&#8217;IDA d&#8217;une valeur de 45 millions de dollars US"},"content":{"rendered":"<p>Son Excellence le ministre de l\u2019\u00c9conomie et du D\u00e9veloppement durable, M. Abdesselam Ould Mohamed Saleh, a sign\u00e9 jeudi \u00e0 Nouakchott, avec SE Mme Cristina Santos, repr\u00e9sentante r\u00e9sidente de la Banque mondiale dans notre pays, une convention de financement du Projet d\u2019appui \u00e0 l\u2019am\u00e9nagement et \u00e0 la r\u00e9silience du bassin du fleuve S\u00e9n\u00e9gal.<\/p>\n<p>Ce financement, assur\u00e9 par l\u2019Association internationale de d\u00e9veloppement (IDA), s\u2019\u00e9l\u00e8ve \u00e0 45 millions de dollars US, soit environ un milliard sept cent quatre-vingt millions (1 780 000 000 MRU).<\/p>\n<p>Le projet vise \u00e0 am\u00e9liorer l\u2019acc\u00e8s des communaut\u00e9s frontali\u00e8res cibl\u00e9es dans la r\u00e9gion du bassin du Fleuve S\u00e9n\u00e9gal \u00e0 des infrastructures et des services int\u00e9gr\u00e9s et inclusifs au niveau r\u00e9gional, capables de renforcer la r\u00e9silience au changement climatique.<\/p>\n<p>Au cours de l\u2019intervention qu\u2019il a faite \u00e0 cette occasion, le ministre de l\u2019\u00c9conomie et du D\u00e9veloppement durable a soulign\u00e9 que ce projet couvre plusieurs composantes, dont le soutien \u00e0 la coh\u00e9sion sociale et la lutte contre les conflits et les tensions locales en finan\u00e7ant des activit\u00e9s qui servent la coh\u00e9sion sociale et favorisent l\u2019int\u00e9gration.<\/p>\n<p>Il a ajout\u00e9 que le soutien apport\u00e9 par le projet couvrira de nombreux autres domaines tels que le boisement et l\u2019introduction de pratiques agricoles intelligentes, la lutte contre les inondations, la r\u00e9habilitation des routes, des ponts, des trottoirs, des passages \u00e0 niveau, des r\u00e9seaux d\u2019\u00e9gouts, d\u2019eau et d\u2019\u00e9lectricit\u00e9, y compris l\u2019\u00e9clairage public, et la pr\u00e9paration d\u2019\u00e9tudes pour les investissements futurs et les plans de d\u00e9veloppement local.<\/p>\n<p>Le ministre a en outre pr\u00e9cis\u00e9 que les investissements pr\u00e9vus au titre de ce projet visent \u00e0 organiser des activit\u00e9s qui favorisent la coh\u00e9sion sociale, telles que la participation des jeunes \u00e0 des \u00e9v\u00e9nements culturels et sportifs communautaires, l\u2019encouragement du b\u00e9n\u00e9volat communautaire et la sensibilisation au changement climatique, le soutien aux activit\u00e9s commerciales transfrontali\u00e8res et la modernisation des march\u00e9s et des infrastructures pour les activit\u00e9s sociales, culturelles, sportives et de transport.<\/p>\n<p>La repr\u00e9sentante de la Banque mondiale en Mauritanie a d\u00e9clar\u00e9 que son institution s\u2019est engag\u00e9e \u00e0 promouvoir l\u2019inclusion sociale, la coh\u00e9sion et le d\u00e9veloppement \u00e9conomique en am\u00e9liorant la production agricole, l\u2019acc\u00e8s aux march\u00e9s et aux services, la capacit\u00e9 institutionnelle et la r\u00e9silience au changement climatique dans le bassin du Fleuve S\u00e9n\u00e9gal.<\/p>\n<p>SE Mme Cristina Santos a fait observer que les principales interventions du projet se concentrent sur l\u2019am\u00e9lioration de la productivit\u00e9 agricole, le renforcement des capacit\u00e9s des femmes et des jeunes, le renforcement des organisations communautaires et de la coh\u00e9sion sociale, ainsi que sur la r\u00e9duction des maladies d\u2019origine hydrique et l\u2019impact positif sur l\u2019environnement.<\/p>\n<p>Elle a not\u00e9 que ce projet est le premier d\u2019une s\u00e9rie ax\u00e9e sur l\u2019am\u00e9lioration des conditions socio-\u00e9conomiques des communaut\u00e9s et qu\u2019il b\u00e9n\u00e9ficiera \u00e0 plus d\u2019un million de personnes en Mauritanie, en particulier les femmes, les jeunes et d\u2019autres parties prenantes.<\/p>\n<p>La c\u00e9r\u00e9monie de signature de la convention s&#8217;est d\u00e9roul\u00e9e en pr\u00e9sence du ministre de l\u2019Agriculture, M. Memma Ould Beibatta, ainsi que de responsables des deux d\u00e9partements.<br \/>\nSource MEcDD<\/p>\n","protected":false},"excerpt":{"rendered":"<p>Son Excellence le ministre de l\u2019\u00c9conomie et du D\u00e9veloppement durable, M. Abdesselam Ould Mohamed Saleh, a sign\u00e9 jeudi \u00e0 Nouakchott, avec SE Mme Cristina Santos, repr\u00e9sentante r\u00e9sidente de la Banque mondiale dans notre pays, une convention de financement du Projet d\u2019appui \u00e0 l\u2019am\u00e9nagement et \u00e0 la r\u00e9silience du bassin du fleuve S\u00e9n\u00e9gal. Ce financement, assur\u00e9 &hellip;<\/p>\n","protected":false},"author":2,"featured_media":8944,"comment_status":"open","ping_status":"open","sticky":false,"template":"","format":"standard","meta":{"footnotes":""},"categories":[18,2],"tags":[],"class_list":["post-8943","post","type-post","status-publish","format-standard","has-post-thumbnail","hentry","category-actualites","category-economie"],"_links":{"self":[{"href":"https:\/\/ladepeche.mr\/index.php?rest_route=\/wp\/v2\/posts\/8943","targetHints":{"allow":["GET"]}}],"collection":[{"href":"https:\/\/ladepeche.mr\/index.php?rest_route=\/wp\/v2\/posts"}],"about":[{"href":"https:\/\/ladepeche.mr\/index.php?rest_route=\/wp\/v2\/types\/post"}],"author":[{"embeddable":true,"href":"https:\/\/ladepeche.mr\/index.php?rest_route=\/wp\/v2\/users\/2"}],"replies":[{"embeddable":true,"href":"https:\/\/ladepeche.mr\/index.php?rest_route=%2Fwp%2Fv2%2Fcomments&post=8943"}],"version-history":[{"count":1,"href":"https:\/\/ladepeche.mr\/index.php?rest_route=\/wp\/v2\/posts\/8943\/revisions"}],"predecessor-version":[{"id":8945,"href":"https:\/\/ladepeche.mr\/index.php?rest_route=\/wp\/v2\/posts\/8943\/revisions\/8945"}],"wp:featuredmedia":[{"embeddable":true,"href":"https:\/\/ladepeche.mr\/index.php?rest_route=\/wp\/v2\/media\/8944"}],"wp:attachment":[{"href":"https:\/\/ladepeche.mr\/index.php?rest_route=%2Fwp%2Fv2%2Fmedia&parent=8943"}],"wp:term":[{"taxonomy":"category","embeddable":true,"href":"https:\/\/ladepeche.mr\/index.php?rest_route=%2Fwp%2Fv2%2Fcategories&post=8943"},{"taxonomy":"post_tag","embeddable":true,"href":"https:\/\/ladepeche.mr\/index.php?rest_route=%2Fwp%2Fv2%2Ftags&post=8943"}],"curies":[{"name":"wp","href":"https:\/\/api.w.org\/{rel}","templated":true}]}}