{"id":8948,"date":"2024-03-21T16:34:41","date_gmt":"2024-03-21T16:34:41","guid":{"rendered":"https:\/\/ladepeche.mr\/?p=8948"},"modified":"2025-02-20T13:07:44","modified_gmt":"2025-02-20T13:07:44","slug":"ppp-le-ble-en-labourant","status":"publish","type":"post","link":"https:\/\/ladepeche.mr\/?p=8948","title":{"rendered":"PPP : Le bl\u00e9 en labourant !"},"content":{"rendered":"<p>Les premiers r\u00e9sultats d\u2019un partenariat public-priv\u00e9 dans le secteur agricole viennent de donner des motifs d\u2019espoir avec le rendement observ\u00e9 dans la culture du bl\u00e9. Pour un coup d\u2019essai ce fut donc une premi\u00e8re exp\u00e9rience prometteuse dans l\u2019association Sonader (Etat) et le tandem priv\u00e9 \u00abThimar \u00bb-\u00abBidaly \u00bb.<br \/>\nMais ce sont, semble-t-il, les r\u00e9sultats dans l\u2019exploitation des 200 hectares qui \u00e9taient inesp\u00e9r\u00e9s tant pour leur qualit\u00e9 et que leur quantit\u00e9. En effet, sur deux vari\u00e9t\u00e9s exp\u00e9riment\u00e9es dans le cadre de cette initiative la production oscille entre 4 \u00e0 5 tonnes \u00e0 l\u2019hectare. De quoi r\u00e9jouir les partenaires Etat-Priv\u00e9 \u00e0 la lecture d\u2019un twitte du pr\u00e9sident de l\u2019Union du Patronat Mauritanien, Zein El Abidine, y voyant une nouvelle opportunit\u00e9 pour diversifier la production agricole et une contribution aux efforts des autorit\u00e9s nationales pour l\u2019av\u00e8nement d\u2019une s\u00e9curit\u00e9 alimentaire dans le pays.<br \/>\nMais ce premier succ\u00e8s ne viendrait pas ex nihilo. En effet, un autre partenariat nou\u00e9 en 2011, entre le CNRDA et l\u2019Organisation arabe pour le d\u00e9veloppement agricole sur 28 vari\u00e9t\u00e9s de bl\u00e9 dur et tendre aurait conduit \u00e0 identifier les vari\u00e9t\u00e9s les productives sous nos cieux.<br \/>\nPour concr\u00e9tiser ce partenariat l\u2019Etat aurait apport\u00e9 un important soutien en termes de viabilisation et d\u2019am\u00e9nagement, de fourniture d\u2019engrais, d\u2019\u00e9lectrification des zones de production et d\u2019engrais.<br \/>\nCertains responsables qui \u00e9voquent la faible technicit\u00e9 li\u00e9e \u00e0 cette culture pr\u00e9sagent, au gr\u00e9 du d\u00e9veloppement de la fili\u00e8re, une autosuffisance pour les besoins nationaux en bl\u00e9 dans les ann\u00e9es \u00e0 venir.<\/p>\n","protected":false},"excerpt":{"rendered":"<p>Les premiers r\u00e9sultats d\u2019un partenariat public-priv\u00e9 dans le secteur agricole viennent de donner des motifs d\u2019espoir avec le rendement observ\u00e9 dans la culture du bl\u00e9. Pour un coup d\u2019essai ce fut donc une premi\u00e8re exp\u00e9rience prometteuse dans l\u2019association Sonader (Etat) et le tandem priv\u00e9 \u00abThimar \u00bb-\u00abBidaly \u00bb. Mais ce sont, semble-t-il, les r\u00e9sultats dans l\u2019exploitation &hellip;<\/p>\n","protected":false},"author":2,"featured_media":8950,"comment_status":"open","ping_status":"open","sticky":false,"template":"","format":"standard","meta":{"footnotes":""},"categories":[18,2],"tags":[],"class_list":["post-8948","post","type-post","status-publish","format-standard","has-post-thumbnail","hentry","category-actualites","category-economie"],"_links":{"self":[{"href":"https:\/\/ladepeche.mr\/index.php?rest_route=\/wp\/v2\/posts\/8948","targetHints":{"allow":["GET"]}}],"collection":[{"href":"https:\/\/ladepeche.mr\/index.php?rest_route=\/wp\/v2\/posts"}],"about":[{"href":"https:\/\/ladepeche.mr\/index.php?rest_route=\/wp\/v2\/types\/post"}],"author":[{"embeddable":true,"href":"https:\/\/ladepeche.mr\/index.php?rest_route=\/wp\/v2\/users\/2"}],"replies":[{"embeddable":true,"href":"https:\/\/ladepeche.mr\/index.php?rest_route=%2Fwp%2Fv2%2Fcomments&post=8948"}],"version-history":[{"count":2,"href":"https:\/\/ladepeche.mr\/index.php?rest_route=\/wp\/v2\/posts\/8948\/revisions"}],"predecessor-version":[{"id":14254,"href":"https:\/\/ladepeche.mr\/index.php?rest_route=\/wp\/v2\/posts\/8948\/revisions\/14254"}],"wp:featuredmedia":[{"embeddable":true,"href":"https:\/\/ladepeche.mr\/index.php?rest_route=\/wp\/v2\/media\/8950"}],"wp:attachment":[{"href":"https:\/\/ladepeche.mr\/index.php?rest_route=%2Fwp%2Fv2%2Fmedia&parent=8948"}],"wp:term":[{"taxonomy":"category","embeddable":true,"href":"https:\/\/ladepeche.mr\/index.php?rest_route=%2Fwp%2Fv2%2Fcategories&post=8948"},{"taxonomy":"post_tag","embeddable":true,"href":"https:\/\/ladepeche.mr\/index.php?rest_route=%2Fwp%2Fv2%2Ftags&post=8948"}],"curies":[{"name":"wp","href":"https:\/\/api.w.org\/{rel}","templated":true}]}}