{"id":8955,"date":"2024-03-21T20:49:41","date_gmt":"2024-03-21T20:49:41","guid":{"rendered":"https:\/\/ladepeche.mr\/?p=8955"},"modified":"2024-03-21T20:57:51","modified_gmt":"2024-03-21T20:57:51","slug":"communique-de-presse-3","status":"publish","type":"post","link":"https:\/\/ladepeche.mr\/?p=8955","title":{"rendered":"Communiqu\u00e9 de presse"},"content":{"rendered":"<p>New York (20 mars 2024): Son Excellence le ministre de l&#8217;Economie et du D\u00e9veloppement Durable, M. Abdessalam Ould Mohamed Saleh, a pr\u00e9sent\u00e9 l&#8217;exp\u00e9rience mauritanienne en mati\u00e8re de consolidation de la paix et de r\u00e9alisation des objectifs de d\u00e9veloppement lors d&#8217;une r\u00e9union du Comit\u00e9 de consolidation de la paix des Nations Unies \u00e0 New York, le mercredi 20 mars 2024, sous la pr\u00e9sidence du Repr\u00e9sentant permanent du Br\u00e9sil.<\/p>\n<p>Le ministre a soulign\u00e9 que les racines de la fragilit\u00e9 dans la r\u00e9gion du Sahel remontent \u00e0 la s\u00e9cheresse sans pr\u00e9c\u00e9dent que la r\u00e9gion a connue pendant 20 ann\u00e9es cons\u00e9cutives, de 1966 \u00e0 1986. S&#8217;y ajoute un ralentissement de la croissance \u00e9conomique face un taux de croissance d\u00e9mographique \u00e9lev\u00e9 et des politiques \u00e9conomiques et sociales inappropri\u00e9es comme facteurs contributifs.  Ces facteurs conjugu\u00e9s ont conduit \u00e0 de profonds d\u00e9s\u00e9quilibres dans les soci\u00e9t\u00e9s, les rendant vuln\u00e9rables aux discours extr\u00e9mistes.<\/p>\n<p>Le ministre a soulign\u00e9 que la Mauritanie a adopt\u00e9 des strat\u00e9gies int\u00e9gr\u00e9es et holistiques bas\u00e9es sur trois piliers:<br \/>\n&#8211; Approches s\u00e9curitaires fortes, accompagn\u00e9es d&#8217;une politique de sensibilisation aux dangers de l&#8217;id\u00e9ologie de l&#8217;extr\u00e9misme.<br \/>\n&#8211; Politique \u00e9conomique visant \u00e0 acc\u00e9l\u00e9rer la croissance \u00e9conomique et \u00e0 int\u00e9grer les facteurs du changement climatique dans les strat\u00e9gies de d\u00e9veloppement.<br \/>\n&#8211;  Politiques sociales qui donnent la priorit\u00e9 \u00e0 l&#8217;acc\u00e8s de tous les citoyens aux services sociaux de base, tels que l&#8217;\u00e9ducation, la sant\u00e9, l&#8217;eau et l&#8217;\u00e9lectricit\u00e9, en plus de la g\u00e9n\u00e9ralisation de la protection sociale pour les groupes vuln\u00e9rables.<\/p>\n<p>Son Excellence a \u00e9galement \u00e9voqu\u00e9 les potentialit\u00e9s dont dispose  la Mauritanie en termes de ressources naturelles et d&#8217;opportunit\u00e9s de transition \u00e9nerg\u00e9tique, qui soutiennent un d\u00e9veloppement durable respectueux de l&#8217;agenda climatique.<\/p>\n<p>Les 23 intervenants, Repr\u00e9sentants permanents des pays, ont unanimement salu\u00e9 l&#8217;exp\u00e9rience mauritanienne, la qualifiant de pionni\u00e8re et de mod\u00e8le \u00e0 suivre dans la r\u00e9gion. Ils ont \u00e9galement soulign\u00e9 les risques auxquels la r\u00e9gion est confront\u00e9e en g\u00e9n\u00e9ral et la n\u00e9cessit\u00e9 de soutenir la capacit\u00e9 de la Mauritanie \u00e0 faire face \u00e0 ces risques.<\/p>\n<p>Ont assist\u00e9 \u00e0 la r\u00e9union, aux c\u00f4t\u00e9s du ministre : M. Sidi Mohamed Laghdaf, Ambassadeur de Mauritanie et Repr\u00e9sentant permanent aupr\u00e8s des Nations Unies, M. Ousmane Diagana, Vice-pr\u00e9sident de la Banque mondiale, Mme Elizabeth Spehar, Assistante du Secr\u00e9taire g\u00e9n\u00e9ral des Nations Unies pour l&#8217;appui \u00e0 la consolidation de la paix, Mme Leila Peters, Coordonnatrice r\u00e9sidente des Nations Unies en Mauritanie, les membres du Comit\u00e9 de consolidation de la paix et les repr\u00e9sentants de plusieurs \u00c9tats membres des Nations Unies.<br \/>\nMEcDD<\/p>\n","protected":false},"excerpt":{"rendered":"<p>New York (20 mars 2024): Son Excellence le ministre de l&#8217;Economie et du D\u00e9veloppement Durable, M. Abdessalam Ould Mohamed Saleh, a pr\u00e9sent\u00e9 l&#8217;exp\u00e9rience mauritanienne en mati\u00e8re de consolidation de la paix et de r\u00e9alisation des objectifs de d\u00e9veloppement lors d&#8217;une r\u00e9union du Comit\u00e9 de consolidation de la paix des Nations Unies \u00e0 New York, le &hellip;<\/p>\n","protected":false},"author":2,"featured_media":8959,"comment_status":"open","ping_status":"open","sticky":false,"template":"","format":"standard","meta":{"footnotes":""},"categories":[18,2],"tags":[],"class_list":["post-8955","post","type-post","status-publish","format-standard","has-post-thumbnail","hentry","category-actualites","category-economie"],"_links":{"self":[{"href":"https:\/\/ladepeche.mr\/index.php?rest_route=\/wp\/v2\/posts\/8955","targetHints":{"allow":["GET"]}}],"collection":[{"href":"https:\/\/ladepeche.mr\/index.php?rest_route=\/wp\/v2\/posts"}],"about":[{"href":"https:\/\/ladepeche.mr\/index.php?rest_route=\/wp\/v2\/types\/post"}],"author":[{"embeddable":true,"href":"https:\/\/ladepeche.mr\/index.php?rest_route=\/wp\/v2\/users\/2"}],"replies":[{"embeddable":true,"href":"https:\/\/ladepeche.mr\/index.php?rest_route=%2Fwp%2Fv2%2Fcomments&post=8955"}],"version-history":[{"count":1,"href":"https:\/\/ladepeche.mr\/index.php?rest_route=\/wp\/v2\/posts\/8955\/revisions"}],"predecessor-version":[{"id":8956,"href":"https:\/\/ladepeche.mr\/index.php?rest_route=\/wp\/v2\/posts\/8955\/revisions\/8956"}],"wp:featuredmedia":[{"embeddable":true,"href":"https:\/\/ladepeche.mr\/index.php?rest_route=\/wp\/v2\/media\/8959"}],"wp:attachment":[{"href":"https:\/\/ladepeche.mr\/index.php?rest_route=%2Fwp%2Fv2%2Fmedia&parent=8955"}],"wp:term":[{"taxonomy":"category","embeddable":true,"href":"https:\/\/ladepeche.mr\/index.php?rest_route=%2Fwp%2Fv2%2Fcategories&post=8955"},{"taxonomy":"post_tag","embeddable":true,"href":"https:\/\/ladepeche.mr\/index.php?rest_route=%2Fwp%2Fv2%2Ftags&post=8955"}],"curies":[{"name":"wp","href":"https:\/\/api.w.org\/{rel}","templated":true}]}}