{"id":8969,"date":"2024-03-22T07:37:41","date_gmt":"2024-03-22T07:37:41","guid":{"rendered":"https:\/\/ladepeche.mr\/?p=8969"},"modified":"2024-03-22T07:37:41","modified_gmt":"2024-03-22T07:37:41","slug":"le-ministre-de-leconomie-sentretient-avec-de-hauts-responsables-du-fmi","status":"publish","type":"post","link":"https:\/\/ladepeche.mr\/?p=8969","title":{"rendered":"Le ministre de l&#8217;Economie s&#8217;entretient avec de hauts responsables du FMI"},"content":{"rendered":"<p>Son Excellence  le ministre de l&#8217;Economie et du D\u00e9veloppement Durable, M. Abdessalam Ould Mohamed Saleh, a rencontr\u00e9, jeudi, \u00e0 Washington de hauts responsables du Fonds mon\u00e9taire international (FMI).<\/p>\n<p>Le premier entretien a eu lieu avec M. Jihad Azour, Directeur du D\u00e9partement Moyen-Orient et Asie centrale du FMI, accompagn\u00e9 de son adjointe, Mme Taline Koranchalian, et de M. Felix Fischer, Chef de mission du FMI en Mauritanie.<\/p>\n<p>Le ministre a ensuite eu des entretiens s\u00e9par\u00e9s avec : M. Montfort Mlachila, Directeur adjoint du D\u00e9partement Afrique du FMI, M. Regis Sonde, Directeur ex\u00e9cutif par int\u00e9rim du Groupe Afrique du FMI, et de Mme Christina Kotyala, Directrice adjointe du D\u00e9partement Strat\u00e9gies, Politiques et Revue du FMI.<\/p>\n<p>Les discussions ont port\u00e9 sur divers aspects de la coop\u00e9ration entre le FMI et la Mauritanie.<\/p>\n<p>Le Ministre a appel\u00e9 les responsables du FMI \u00e0 accompagner  la Mauritanie dans sa pr\u00e9sidence tournante de l&#8217;Union africaine.<br \/>\nLes dirigeants du FMI ont, de leur part, exprim\u00e9 leur enti\u00e8re disposition \u00e0 accompagner la Mauritanie en lui apportant  tout le n\u00e9cessaire pour contribuer \u00e0 r\u00e9soudre les probl\u00e8mes du continent et \u00e0 mener ce dernier vers la prosp\u00e9rit\u00e9, en mobilisant le soutien du G20 et du G7.<\/p>\n<p> L&#8217;ambassadrice de notre pays \u00e0 Washington, Mme Sisse Mint Beidiya, a assist\u00e9 aux entretiens.<br \/>\nSource MEcDD<\/p>\n","protected":false},"excerpt":{"rendered":"<p>Son Excellence le ministre de l&#8217;Economie et du D\u00e9veloppement Durable, M. Abdessalam Ould Mohamed Saleh, a rencontr\u00e9, jeudi, \u00e0 Washington de hauts responsables du Fonds mon\u00e9taire international (FMI). Le premier entretien a eu lieu avec M. Jihad Azour, Directeur du D\u00e9partement Moyen-Orient et Asie centrale du FMI, accompagn\u00e9 de son adjointe, Mme Taline Koranchalian, et &hellip;<\/p>\n","protected":false},"author":2,"featured_media":0,"comment_status":"open","ping_status":"open","sticky":false,"template":"","format":"standard","meta":{"footnotes":""},"categories":[18,2],"tags":[],"class_list":["post-8969","post","type-post","status-publish","format-standard","hentry","category-actualites","category-economie"],"_links":{"self":[{"href":"https:\/\/ladepeche.mr\/index.php?rest_route=\/wp\/v2\/posts\/8969","targetHints":{"allow":["GET"]}}],"collection":[{"href":"https:\/\/ladepeche.mr\/index.php?rest_route=\/wp\/v2\/posts"}],"about":[{"href":"https:\/\/ladepeche.mr\/index.php?rest_route=\/wp\/v2\/types\/post"}],"author":[{"embeddable":true,"href":"https:\/\/ladepeche.mr\/index.php?rest_route=\/wp\/v2\/users\/2"}],"replies":[{"embeddable":true,"href":"https:\/\/ladepeche.mr\/index.php?rest_route=%2Fwp%2Fv2%2Fcomments&post=8969"}],"version-history":[{"count":1,"href":"https:\/\/ladepeche.mr\/index.php?rest_route=\/wp\/v2\/posts\/8969\/revisions"}],"predecessor-version":[{"id":8970,"href":"https:\/\/ladepeche.mr\/index.php?rest_route=\/wp\/v2\/posts\/8969\/revisions\/8970"}],"wp:attachment":[{"href":"https:\/\/ladepeche.mr\/index.php?rest_route=%2Fwp%2Fv2%2Fmedia&parent=8969"}],"wp:term":[{"taxonomy":"category","embeddable":true,"href":"https:\/\/ladepeche.mr\/index.php?rest_route=%2Fwp%2Fv2%2Fcategories&post=8969"},{"taxonomy":"post_tag","embeddable":true,"href":"https:\/\/ladepeche.mr\/index.php?rest_route=%2Fwp%2Fv2%2Ftags&post=8969"}],"curies":[{"name":"wp","href":"https:\/\/api.w.org\/{rel}","templated":true}]}}