{"id":8974,"date":"2024-03-23T00:56:00","date_gmt":"2024-03-23T00:56:00","guid":{"rendered":"https:\/\/ladepeche.mr\/?p=8974"},"modified":"2024-03-23T01:03:13","modified_gmt":"2024-03-23T01:03:13","slug":"presidentielle-2024-grogne-a-nouadhibou-apres-leviction-des-cadres-autochtones-insaf-dune-commission-technique-post-electorale","status":"publish","type":"post","link":"https:\/\/ladepeche.mr\/?p=8974","title":{"rendered":"Pr\u00e9sidentielle 2024: Grogne \u00e0 Nouadhibou apr\u00e8s l\u2019\u00e9viction des cadres autochtones INSAF d&#8217;une commission technique pr\u00e9-\u00e9lectorale"},"content":{"rendered":"<p>Des ressortissants, cadres et notables de la r\u00e9gion de Dakhlet Nouadhibou militants du parti Insaf au pouvoir sont m\u00e9contents de leur \u00e9viction et le font savoir sur tous les toits. Au-del\u00e0 de la consternation de voir qu\u2019aucune personnalit\u00e9 de la r\u00e9gion n\u2019a \u00e9t\u00e9 coopt\u00e9e dans la mise en place de la dite commission confi\u00e9e par le parti au DG de la Smcp, Yahya Ould Waqf, d\u2019autant plus que certains profils correspondent parfaitement \u00e0 ceux ayant pr\u00e9sid\u00e9 aux choix des autres membres de la commission technique, les ressortissants de la r\u00e9gion ne s\u2019expliquent pas les motivations de leur mise \u00e0 l\u2019\u00e9cart.<br \/>\nLa surprise pass\u00e9e, les concern\u00e9s sont sortis \u2013 \u00e0 travers un communiqu\u00e9- pour exprimer leur d\u00e9sapprobation et leur indignation pointant dans ces agissements les raisons profondes aux d\u00e9convenues successives enregistr\u00e9es par le parti sur le plan local. Des \u00e9checs que l\u2019intelligentsia locale attribue au n\u00e9potisme des \u00abarrivages \u00bb en parfaite ignorance de la carte politico-sociale dans la r\u00e9gion.<br \/>\nPour faire la part des choses, les repr\u00e9sentants des cadres et ressortissants de la r\u00e9gion n\u2019ont, par ailleurs, pas h\u00e9sit\u00e9 d\u2019adresser directement une lettre ouverte au pr\u00e9sident du parti Insaf, Mohamed Malainine Ould Eyih, pour le sensibiliser sur cet \u00e9tat de fait pr\u00e9judiciable aux projections du parti dans la r\u00e9gion.<br \/>\nLes repr\u00e9sentants des ressortissants de la r\u00e9gion se sont fendus d\u2019un communiqu\u00e9 pour marquer leur d\u00e9sapprobation d\u2019une initiative qu\u2019ils disent \u00ab une insulte \u00bb \u00e0 l\u2019\u00e9gard de toute la population de la r\u00e9gion.<br \/>\nJD<\/p>\n<p><strong>Lettre de condamnation transmise par les cadres et notables de l&#8217;Etat de Dakhlet Nouadhibou<\/strong><br \/>\nAujourd&#8217;hui, vendredi 22\/03\/2024, nous, cadres et notables repr\u00e9sentant l&#8217;Etat de Dakhlet Nouadhibou, sommes r\u00e9unis pour exprimer notre ferme condamnation et notre d\u00e9nonciation de l&#8217;exclusion \u00e0 laquelle ont \u00e9t\u00e9 soumis les cadres et cadres de l&#8217;Etat du comit\u00e9 technique charg\u00e9 d&#8217;\u00e9laborer un plan d\u2019action pr\u00e9-\u00e9lectoral, qui a \u00e9t\u00e9 \u00e9labor\u00e9 par M. Yahya Ould Ahmed El-Waqf, vice-pr\u00e9sident du parti Insaf.<br \/>\nLa formation de ce comit\u00e9 de mani\u00e8re \u00e0 inclure des directeurs r\u00e9gionaux sans repr\u00e9sentation des populations locales constitue une insulte et une exclusion inacceptables.<br \/>\nNe pas inclure aucun des habitants de la r\u00e9gion de Dakhlet Nouadhibou dans ce comit\u00e9 fausse le travail politique et affaiblit la confiance populaire dans le parti.<br \/>\nNous d\u00e9clarons clairement que cette exclusion est une raison fondamentale de la perte de confiance populaire dans le parti dans cette r\u00e9gion ; une perte de confiance qui a grandement contribu\u00e9 aux \u00e9checs successifs du parti lors des derni\u00e8res \u00e9lections.<br \/>\nNous condamnons \u00e9galement fermement la formation d&#8217;un comit\u00e9 form\u00e9 de membres inconnus dans la r\u00e9gion pour pr\u00e9tendre d\u00e9fendre les int\u00e9r\u00eats politiques du parti ; en particulier pendant cette p\u00e9riode sensible o\u00f9 nous sommes \u00e0 l&#8217;aube d\u2019une \u00e9lection des plus d\u00e9terminantes et des plus importantes pour nous en tant populations de cette r\u00e9gion et le v\u00e9ritable bras politique de Son Excellence le Pr\u00e9sident de la R\u00e9publique.<br \/>\nNous exprimons, en outre, notre profond m\u00e9contentement et notre col\u00e8re, et soulignons que tout travail s\u00e9rieux destin\u00e9 au succ\u00e8s de l\u2019action politique locale ne pourra se faire sans l&#8217;implication des cadres de la r\u00e9gion qui en sont issus et connaissent bien ses habitants et ses secrets.<br \/>\nLes signataires<br \/>\n-Deddah Ould Breika, directeur r\u00e9gional Asecna<br \/>\n-Mouhidine Ould Chein, coordinateur de la cellule juridique de la Zone Franche<br \/>\n-El Mami Abdelllah Bilal, pr\u00e9sident d\u2019un comit\u00e9 de base du parti Insaf<br \/>\n&#8211; El Mokhtar Ould Hmeyir, Responsable \u00ab Qualit\u00e9 \u00bb \u00e0 la Snim.<\/p>\n","protected":false},"excerpt":{"rendered":"<p>Des ressortissants, cadres et notables de la r\u00e9gion de Dakhlet Nouadhibou militants du parti Insaf au pouvoir sont m\u00e9contents de leur \u00e9viction et le font savoir sur tous les toits. Au-del\u00e0 de la consternation de voir qu\u2019aucune personnalit\u00e9 de la r\u00e9gion n\u2019a \u00e9t\u00e9 coopt\u00e9e dans la mise en place de la dite commission confi\u00e9e par &hellip;<\/p>\n","protected":false},"author":2,"featured_media":8975,"comment_status":"open","ping_status":"open","sticky":false,"template":"","format":"standard","meta":{"footnotes":""},"categories":[18,31],"tags":[],"class_list":["post-8974","post","type-post","status-publish","format-standard","has-post-thumbnail","hentry","category-actualites","category-politique-et-reportages"],"_links":{"self":[{"href":"https:\/\/ladepeche.mr\/index.php?rest_route=\/wp\/v2\/posts\/8974","targetHints":{"allow":["GET"]}}],"collection":[{"href":"https:\/\/ladepeche.mr\/index.php?rest_route=\/wp\/v2\/posts"}],"about":[{"href":"https:\/\/ladepeche.mr\/index.php?rest_route=\/wp\/v2\/types\/post"}],"author":[{"embeddable":true,"href":"https:\/\/ladepeche.mr\/index.php?rest_route=\/wp\/v2\/users\/2"}],"replies":[{"embeddable":true,"href":"https:\/\/ladepeche.mr\/index.php?rest_route=%2Fwp%2Fv2%2Fcomments&post=8974"}],"version-history":[{"count":2,"href":"https:\/\/ladepeche.mr\/index.php?rest_route=\/wp\/v2\/posts\/8974\/revisions"}],"predecessor-version":[{"id":8977,"href":"https:\/\/ladepeche.mr\/index.php?rest_route=\/wp\/v2\/posts\/8974\/revisions\/8977"}],"wp:featuredmedia":[{"embeddable":true,"href":"https:\/\/ladepeche.mr\/index.php?rest_route=\/wp\/v2\/media\/8975"}],"wp:attachment":[{"href":"https:\/\/ladepeche.mr\/index.php?rest_route=%2Fwp%2Fv2%2Fmedia&parent=8974"}],"wp:term":[{"taxonomy":"category","embeddable":true,"href":"https:\/\/ladepeche.mr\/index.php?rest_route=%2Fwp%2Fv2%2Fcategories&post=8974"},{"taxonomy":"post_tag","embeddable":true,"href":"https:\/\/ladepeche.mr\/index.php?rest_route=%2Fwp%2Fv2%2Ftags&post=8974"}],"curies":[{"name":"wp","href":"https:\/\/api.w.org\/{rel}","templated":true}]}}