{"id":8984,"date":"2024-03-23T17:21:11","date_gmt":"2024-03-23T17:21:11","guid":{"rendered":"https:\/\/ladepeche.mr\/?p=8984"},"modified":"2024-03-23T17:21:11","modified_gmt":"2024-03-23T17:21:11","slug":"la-planete-au-bord-du-gouffre","status":"publish","type":"post","link":"https:\/\/ladepeche.mr\/?p=8984","title":{"rendered":"La plan\u00e8te \u00abau bord du gouffre\u00bb"},"content":{"rendered":"<p>L&#8217;ONU a averti hier sur les cons\u00e9quences du r\u00e9chauffement climatique, caract\u00e9ris\u00e9 par plusieurs records relatifs \u00e0 la chaleur des oc\u00e9ans, l&#8217;\u00e9l\u00e9vation du niveau de la mer, le recul des glaciers&#8230;2023 aura \u00e9t\u00e9 sans conteste la d\u00e9cennie la plus chaude jamais enregistr\u00e9e, poussant la plan\u00e8te \u00abau bord du gouffre\u00bb, a ainsi relev\u00e9 l&#8217;Organisation m\u00e9t\u00e9orologique mondiale (OMM), agence des Nations unies dont le dernier rapport apporte un constat des plus alarmants sur le niveau des gaz \u00e0 effet de serre et leurs cons\u00e9quences directes et indirectes sur les temp\u00e9ratures, l&#8217;acidification des mers, le recul des glaciers ou encore le danger qui p\u00e8se de plus en plus sur la banquise antarctique. L&#8217;avertissement est d&#8217;autant plus solennel qu&#8217;il s&#8217;accompagne d&#8217;une confirmation des risques induits par la pollution, notamment celle des combustibles fossiles. Le secr\u00e9taire g\u00e9n\u00e9ral de l&#8217;ONU, Antonio Guterres, estime qu&#8217; \u00abil est encore temps de lancer une bou\u00e9e de sauvetage aux populations et \u00e0 la plan\u00e8te mais il faut agir maintenant\u00bb. Malheureusement, les COP se suivent et se ressemblent, avec des recommandations et des rapports qui sont autant de voeux pieux, t\u00e9moin, l&#8217;engagement scell\u00e9 par la COP de Paris selon lequel l&#8217;Afrique devait recevoir quelque 100 milliards de dollars pour r\u00e9parer les dommages caus\u00e9s par le changement climatique mais qui n&#8217;a toujours pas vu l&#8217;ombre d&#8217;une mise en application, ne serait-ce que symbolique. Or, de tous les continents, c&#8217;est bien l&#8217;Afrique qui pollue le moins et qui paie le plus l&#8217;ardoise des pollutions dont la plan\u00e8te souffre dangereusement.<\/p>\n<p>L&#8217;ONU a averti hier sur les cons\u00e9quences du r\u00e9chauffement climatique, caract\u00e9ris\u00e9 par plusieurs records relatifs \u00e0 la chaleur des oc\u00e9ans, l&#8217;\u00e9l\u00e9vation du niveau de la mer, le recul des glaciers&#8230;2023 aura \u00e9t\u00e9 sans conteste la d\u00e9cennie la plus chaude jamais enregistr\u00e9e, poussant la plan\u00e8te \u00abau bord du gouffre\u00bb, a ainsi relev\u00e9 l&#8217;Organisation m\u00e9t\u00e9orologique mondiale (OMM), agence des Nations unies dont le dernier rapport apporte un constat des plus alarmants sur le niveau des gaz \u00e0 effet de serre et leurs cons\u00e9quences directes et indirectes sur les temp\u00e9ratures, l&#8217;acidification des mers, le recul des glaciers ou encore le danger qui p\u00e8se de plus en plus sur la banquise antarctique. L&#8217;avertissement est d&#8217;autant plus solennel qu&#8217;il s&#8217;accompagne d&#8217;une confirmation des risques induits par la pollution, notamment celle des combustibles fossiles. Le secr\u00e9taire g\u00e9n\u00e9ral de l&#8217;ONU, Antonio Guterres, estime qu&#8217; \u00abil est encore temps de lancer une bou\u00e9e de sauvetage aux populations et \u00e0 la plan\u00e8te mais il faut agir maintenant\u00bb. Malheureusement, les COP se suivent et se ressemblent, avec des recommandations et des rapports qui sont autant de voeux pieux, t\u00e9moin, l&#8217;engagement scell\u00e9 par la COP de Paris selon lequel l&#8217;Afrique devait recevoir quelque 100 milliards de dollars pour r\u00e9parer les dommages caus\u00e9s par le changement climatique mais qui n&#8217;a toujours pas vu l&#8217;ombre d&#8217;une mise en application, ne serait-ce que symbolique. Or, de tous les continents, c&#8217;est bien l&#8217;Afrique qui pollue le moins et qui paie le plus l&#8217;ardoise des pollutions dont la plan\u00e8te souffre dangereusement.<br \/>\nhttps:\/\/www.msn.com\/fr-xl\/afrique-du-nord\/algerie-actualite\/la-plan%C3%A8te-au-bord-du-gouffre\/ar-BB1kjaFI?ocid=msedgdhp&#038;pc=EDGEESS&#038;cvid=95ea9e16876b47dfbea2c8fb3885d3c1&#038;ei=45<\/p>\n","protected":false},"excerpt":{"rendered":"<p>L&#8217;ONU a averti hier sur les cons\u00e9quences du r\u00e9chauffement climatique, caract\u00e9ris\u00e9 par plusieurs records relatifs \u00e0 la chaleur des oc\u00e9ans, l&#8217;\u00e9l\u00e9vation du niveau de la mer, le recul des glaciers&#8230;2023 aura \u00e9t\u00e9 sans conteste la d\u00e9cennie la plus chaude jamais enregistr\u00e9e, poussant la plan\u00e8te \u00abau bord du gouffre\u00bb, a ainsi relev\u00e9 l&#8217;Organisation m\u00e9t\u00e9orologique mondiale (OMM), &hellip;<\/p>\n","protected":false},"author":2,"featured_media":8985,"comment_status":"open","ping_status":"open","sticky":false,"template":"","format":"standard","meta":{"footnotes":""},"categories":[18,29],"tags":[],"class_list":["post-8984","post","type-post","status-publish","format-standard","has-post-thumbnail","hentry","category-actualites","category-monde"],"_links":{"self":[{"href":"https:\/\/ladepeche.mr\/index.php?rest_route=\/wp\/v2\/posts\/8984","targetHints":{"allow":["GET"]}}],"collection":[{"href":"https:\/\/ladepeche.mr\/index.php?rest_route=\/wp\/v2\/posts"}],"about":[{"href":"https:\/\/ladepeche.mr\/index.php?rest_route=\/wp\/v2\/types\/post"}],"author":[{"embeddable":true,"href":"https:\/\/ladepeche.mr\/index.php?rest_route=\/wp\/v2\/users\/2"}],"replies":[{"embeddable":true,"href":"https:\/\/ladepeche.mr\/index.php?rest_route=%2Fwp%2Fv2%2Fcomments&post=8984"}],"version-history":[{"count":1,"href":"https:\/\/ladepeche.mr\/index.php?rest_route=\/wp\/v2\/posts\/8984\/revisions"}],"predecessor-version":[{"id":8986,"href":"https:\/\/ladepeche.mr\/index.php?rest_route=\/wp\/v2\/posts\/8984\/revisions\/8986"}],"wp:featuredmedia":[{"embeddable":true,"href":"https:\/\/ladepeche.mr\/index.php?rest_route=\/wp\/v2\/media\/8985"}],"wp:attachment":[{"href":"https:\/\/ladepeche.mr\/index.php?rest_route=%2Fwp%2Fv2%2Fmedia&parent=8984"}],"wp:term":[{"taxonomy":"category","embeddable":true,"href":"https:\/\/ladepeche.mr\/index.php?rest_route=%2Fwp%2Fv2%2Fcategories&post=8984"},{"taxonomy":"post_tag","embeddable":true,"href":"https:\/\/ladepeche.mr\/index.php?rest_route=%2Fwp%2Fv2%2Ftags&post=8984"}],"curies":[{"name":"wp","href":"https:\/\/api.w.org\/{rel}","templated":true}]}}