{"id":8990,"date":"2024-03-23T17:43:38","date_gmt":"2024-03-23T17:43:38","guid":{"rendered":"https:\/\/ladepeche.mr\/?p=8990"},"modified":"2024-03-23T17:43:38","modified_gmt":"2024-03-23T17:43:38","slug":"au-niger-23-militaires-tues-et-17-autres-blesses-dans-une-embuscade-terroriste","status":"publish","type":"post","link":"https:\/\/ladepeche.mr\/?p=8990","title":{"rendered":"Au Niger, 23 militaires tu\u00e9s et 17 autres bless\u00e9s dans une embuscade &#8220;terroriste&#8221;"},"content":{"rendered":"<p>Vingt-trois militaires nig\u00e9riens ont p\u00e9ri dans &#8220;une embuscade&#8221; tendue par &#8220;des terroristes&#8221; lors d&#8217;une &#8220;op\u00e9ration de ratissage&#8221; de l&#8217;arm\u00e9e dans l&#8217;ouest, pr\u00e8s du Mali et du Burkina Faso, a annonc\u00e9, jeudi soir, le minist\u00e8re nig\u00e9rien de la D\u00e9fense.<br \/>\nL&#8217;arm\u00e9e nig\u00e9rienne endeuill\u00e9e par une nouvelle attaque. Vingt-trois militaires ont \u00e9t\u00e9 tu\u00e9s dans &#8220;une embuscade&#8221; tendue par &#8220;des terroristes&#8221; lors d&#8217;une &#8220;op\u00e9ration de ratissage&#8221; des forces arm\u00e9es dans l&#8217;ouest du Niger, a annonc\u00e9, jeudi 21mars, le minist\u00e8re nig\u00e9rien de la D\u00e9fense.<\/p>\n<p>L&#8217;attaque a eu lieu dans la r\u00e9gion de Tillab\u00e9ri, situ\u00e9e dans la zone dite des &#8220;trois fronti\u00e8res&#8221; entre le Niger, le Mali et le Burkina Faso et connue pour \u00eatre un repaire des jihadistes sah\u00e9liens.<\/p>\n<p>L&#8217;arm\u00e9e y a men\u00e9 de mardi \u00e0 mercredi une &#8220;op\u00e9ration de ratissage&#8221; mais &#8220;au cours de leur d\u00e9sengagement&#8221;, une unit\u00e9 a \u00e9t\u00e9 prise dans &#8220;une embuscade complexe&#8221; au cours de laquelle 23 soldats ont \u00e9t\u00e9 tu\u00e9s et &#8220;une trentaine de terroristes neutralis\u00e9s&#8221;, selon le minist\u00e8re.<\/p>\n<p>&#8220;Bombes artisanales et v\u00e9hicules kamikazes&#8221;<br \/>\nL&#8217;op\u00e9ration avait pour &#8220;objectif de rassurer les populations victimes des exactions des groupes arm\u00e9s terroristes : assassinats, extorsion de fonds, vols de b\u00e9tail&#8230;&#8221;, ajoute-t-il.<\/p>\n<p>&#8220;Plus d&#8217;une centaine de terroristes \u00e0 bord de v\u00e9hicules et de motos&#8221; ont attaqu\u00e9 une unit\u00e9 de l&#8217;arm\u00e9e entre les localit\u00e9s de Teguey et Bankilar\u00e9 \u00e0 l&#8217;aide de &#8220;bombes artisanales et de v\u00e9hicules kamikazes&#8221;, pr\u00e9cise le communiqu\u00e9.<\/p>\n<p>&#8220;Malgr\u00e9 la riposte \u00e9nergique, nous d\u00e9plorons 23 valeureux militaires tomb\u00e9s sur le champ d&#8217;honneur et 17 bless\u00e9s&#8221;, ajoute-t-il.<\/p>\n<p>La r\u00e9gion de Tillab\u00e9ri est un repaire des jihadistes sah\u00e9liens, dont ceux de l&#8217;\u00c9tat islamique au grand Sahara (EIGS) et d&#8217;Al-Qa\u00efda. Depuis des ann\u00e9es, cette partie du Niger est r\u00e9guli\u00e8rement vis\u00e9e par les assauts de ces groupes arm\u00e9s malgr\u00e9 le d\u00e9ploiement massif de forces anti-jihadistes.<br \/>\nhttps:\/\/www.france24.com\/fr\/afrique\/20240322-au-niger-23-militaires-tu%C3%A9s-et-17-autres-bless%C3%A9s-dans-une-embuscade-terroriste<\/p>\n","protected":false},"excerpt":{"rendered":"<p>Vingt-trois militaires nig\u00e9riens ont p\u00e9ri dans &#8220;une embuscade&#8221; tendue par &#8220;des terroristes&#8221; lors d&#8217;une &#8220;op\u00e9ration de ratissage&#8221; de l&#8217;arm\u00e9e dans l&#8217;ouest, pr\u00e8s du Mali et du Burkina Faso, a annonc\u00e9, jeudi soir, le minist\u00e8re nig\u00e9rien de la D\u00e9fense. L&#8217;arm\u00e9e nig\u00e9rienne endeuill\u00e9e par une nouvelle attaque. Vingt-trois militaires ont \u00e9t\u00e9 tu\u00e9s dans &#8220;une embuscade&#8221; tendue par &hellip;<\/p>\n","protected":false},"author":2,"featured_media":8991,"comment_status":"open","ping_status":"open","sticky":false,"template":"","format":"standard","meta":{"footnotes":""},"categories":[29,28],"tags":[],"class_list":["post-8990","post","type-post","status-publish","format-standard","has-post-thumbnail","hentry","category-monde","category-sahel"],"_links":{"self":[{"href":"https:\/\/ladepeche.mr\/index.php?rest_route=\/wp\/v2\/posts\/8990","targetHints":{"allow":["GET"]}}],"collection":[{"href":"https:\/\/ladepeche.mr\/index.php?rest_route=\/wp\/v2\/posts"}],"about":[{"href":"https:\/\/ladepeche.mr\/index.php?rest_route=\/wp\/v2\/types\/post"}],"author":[{"embeddable":true,"href":"https:\/\/ladepeche.mr\/index.php?rest_route=\/wp\/v2\/users\/2"}],"replies":[{"embeddable":true,"href":"https:\/\/ladepeche.mr\/index.php?rest_route=%2Fwp%2Fv2%2Fcomments&post=8990"}],"version-history":[{"count":1,"href":"https:\/\/ladepeche.mr\/index.php?rest_route=\/wp\/v2\/posts\/8990\/revisions"}],"predecessor-version":[{"id":8992,"href":"https:\/\/ladepeche.mr\/index.php?rest_route=\/wp\/v2\/posts\/8990\/revisions\/8992"}],"wp:featuredmedia":[{"embeddable":true,"href":"https:\/\/ladepeche.mr\/index.php?rest_route=\/wp\/v2\/media\/8991"}],"wp:attachment":[{"href":"https:\/\/ladepeche.mr\/index.php?rest_route=%2Fwp%2Fv2%2Fmedia&parent=8990"}],"wp:term":[{"taxonomy":"category","embeddable":true,"href":"https:\/\/ladepeche.mr\/index.php?rest_route=%2Fwp%2Fv2%2Fcategories&post=8990"},{"taxonomy":"post_tag","embeddable":true,"href":"https:\/\/ladepeche.mr\/index.php?rest_route=%2Fwp%2Fv2%2Ftags&post=8990"}],"curies":[{"name":"wp","href":"https:\/\/api.w.org\/{rel}","templated":true}]}}