{"id":8993,"date":"2024-03-23T18:07:57","date_gmt":"2024-03-23T18:07:57","guid":{"rendered":"https:\/\/ladepeche.mr\/?p=8993"},"modified":"2024-03-23T18:07:57","modified_gmt":"2024-03-23T18:07:57","slug":"la-mauritanie-condamne-lattaque-terroriste-perpetree-dans-la-ville-de-krasnogorsk-en-russie","status":"publish","type":"post","link":"https:\/\/ladepeche.mr\/?p=8993","title":{"rendered":"La Mauritanie condamne l\u2019attaque terroriste perp\u00e9tr\u00e9e dans la ville de Krasnogorsk en Russie"},"content":{"rendered":"<p>La R\u00e9publique Islamique de Mauritanie a condamn\u00e9 l\u2019attaque terroriste qui a fait, vendredi, des dizaines de morts dans la ville de Krasnogorsk en Russie.<\/p>\n<p>C\u2019est ce qui ressort d\u2019un communiqu\u00e9 du minist\u00e8re des Affaires \u00e9trang\u00e8res, de la Coop\u00e9ration et des Mauritaniens de l\u2019ext\u00e9rieur, dont l\u2019Agence Mauritanienne d\u2019information a re\u00e7u copie :<\/p>\n<p>\u201cLe Minist\u00e8re des Affaires \u00c9trang\u00e8res, de la Coop\u00e9ration et des Mauritaniens \u00e0 l\u2019ext\u00e9rieur a appris avec une profonde douleur la nouvelle de l\u2019attaque terroriste qui a tu\u00e9 des dizaines de personnes innocentes dans la ville de Krasnogorsk.<\/p>\n<p>En cette douloureuse circonstance, le minist\u00e8re pr\u00e9sente au gouvernement et au peuple russes amis ses condol\u00e9ances les plus attrist\u00e9es et ses v\u0153ux sinc\u00e8res de prompt r\u00e9tablissement aux bless\u00e9s, et r\u00e9it\u00e8re la ferme condamnation par notre pays de cet acte criminel et de tous les actes terroristes, quels qu\u2019en soient l\u2019origine et les objectifs.\u201d<br \/>\nAmi<\/p>\n","protected":false},"excerpt":{"rendered":"<p>La R\u00e9publique Islamique de Mauritanie a condamn\u00e9 l\u2019attaque terroriste qui a fait, vendredi, des dizaines de morts dans la ville de Krasnogorsk en Russie. C\u2019est ce qui ressort d\u2019un communiqu\u00e9 du minist\u00e8re des Affaires \u00e9trang\u00e8res, de la Coop\u00e9ration et des Mauritaniens de l\u2019ext\u00e9rieur, dont l\u2019Agence Mauritanienne d\u2019information a re\u00e7u copie : \u201cLe Minist\u00e8re des Affaires &hellip;<\/p>\n","protected":false},"author":2,"featured_media":8979,"comment_status":"open","ping_status":"open","sticky":false,"template":"","format":"standard","meta":{"footnotes":""},"categories":[18,29],"tags":[],"class_list":["post-8993","post","type-post","status-publish","format-standard","has-post-thumbnail","hentry","category-actualites","category-monde"],"_links":{"self":[{"href":"https:\/\/ladepeche.mr\/index.php?rest_route=\/wp\/v2\/posts\/8993","targetHints":{"allow":["GET"]}}],"collection":[{"href":"https:\/\/ladepeche.mr\/index.php?rest_route=\/wp\/v2\/posts"}],"about":[{"href":"https:\/\/ladepeche.mr\/index.php?rest_route=\/wp\/v2\/types\/post"}],"author":[{"embeddable":true,"href":"https:\/\/ladepeche.mr\/index.php?rest_route=\/wp\/v2\/users\/2"}],"replies":[{"embeddable":true,"href":"https:\/\/ladepeche.mr\/index.php?rest_route=%2Fwp%2Fv2%2Fcomments&post=8993"}],"version-history":[{"count":1,"href":"https:\/\/ladepeche.mr\/index.php?rest_route=\/wp\/v2\/posts\/8993\/revisions"}],"predecessor-version":[{"id":8994,"href":"https:\/\/ladepeche.mr\/index.php?rest_route=\/wp\/v2\/posts\/8993\/revisions\/8994"}],"wp:featuredmedia":[{"embeddable":true,"href":"https:\/\/ladepeche.mr\/index.php?rest_route=\/wp\/v2\/media\/8979"}],"wp:attachment":[{"href":"https:\/\/ladepeche.mr\/index.php?rest_route=%2Fwp%2Fv2%2Fmedia&parent=8993"}],"wp:term":[{"taxonomy":"category","embeddable":true,"href":"https:\/\/ladepeche.mr\/index.php?rest_route=%2Fwp%2Fv2%2Fcategories&post=8993"},{"taxonomy":"post_tag","embeddable":true,"href":"https:\/\/ladepeche.mr\/index.php?rest_route=%2Fwp%2Fv2%2Ftags&post=8993"}],"curies":[{"name":"wp","href":"https:\/\/api.w.org\/{rel}","templated":true}]}}