{"id":8995,"date":"2024-03-23T18:33:39","date_gmt":"2024-03-23T18:33:39","guid":{"rendered":"https:\/\/ladepeche.mr\/?p=8995"},"modified":"2024-03-23T18:33:39","modified_gmt":"2024-03-23T18:33:39","slug":"algerie-modification-surprise-du-calendrier-de-la-presidentielle","status":"publish","type":"post","link":"https:\/\/ladepeche.mr\/?p=8995","title":{"rendered":"Alg\u00e9rie : Modification surprise du calendrier de la pr\u00e9sidentielle"},"content":{"rendered":"<p>La prochaine \u00e9lection pr\u00e9sidentielle se tiendra le 7 septembre 2024, soit trois mois avant l\u2019\u00e9ch\u00e9ance initiale, a annonc\u00e9 la pr\u00e9sidence de la R\u00e9publique alg\u00e9rienne dans un communiqu\u00e9 publi\u00e9 jeudi 21 mars.<\/p>\n<p>Cette modification du calendrier \u00e9lectoral a surpris des observateurs de la politique alg\u00e9rienne. Elle a \u00e9t\u00e9 act\u00e9e au terme d\u2019une r\u00e9union o\u00f9 participaient le chef de l\u2019Etat, les pr\u00e9sidents de deux Chambres du Parlement, le pr\u00e9sident de la Cour constitutionnelle, le Premier ministre et le puissant chef d\u2019\u00e9tat-major de l\u2019arm\u00e9e.<\/p>\n<p>Aucune raison n\u2019a \u00e9t\u00e9 avanc\u00e9e pour justifier ce surprenant changement du calendrier \u00e9lectoral alors que le quinquennat du chef de l\u2019Etat en exercice, Abdelmajid Tebboune, expire en d\u00e9cembre prochain. Mais les analystes tentent une ex\u00e9g\u00e8se en estimant que cette d\u00e9cision serait le r\u00e9sultat de l\u2019impatience et d\u2019une certaine irritation de l\u2019arm\u00e9e envers le pr\u00e9sident Tebboune, 78 ans. Depuis l\u2019ind\u00e9pendance en 1962, l\u2019arm\u00e9e est le v\u00e9ritable \u00abfaiseur des rois\u00bb dans le pays, l\u2019\u00e9lection \u00e9tant une simple formalit\u00e9 pour ent\u00e9riner le choix du candidat que l\u2019appareil militaire aura adoub\u00e9 en amont.<br \/>\nElu en d\u00e9cembre 2019 avec 58% des voix, Abdelmajid Tebboune n\u2019a pas jusqu\u2019ici annonc\u00e9 publiquement son intention de briguer un second mandat.<\/p>\n<p>Il avait succ\u00e9d\u00e9 \u00e0 Abdelaziz Bouteflika, qui a \u00e9t\u00e9 contraint \u00e0 la d\u00e9mission en avril 2019, apr\u00e8s avoir \u00e9t\u00e9 la cible d\u2019une forte contestation populaire soutenue en sous mains par l\u2019arm\u00e9e.  <\/p>\n<blockquote class=\"wp-embedded-content\" data-secret=\"1sTHiZ0vCA\"><p><a href=\"https:\/\/afrimag.net\/algerie-modification-surprise-du-calendrier-de-la-presidentielle\/\">Alg\u00e9rie : Modification surprise du calendrier de la pr\u00e9sidentielle<\/a><\/p><\/blockquote>\n<p><iframe loading=\"lazy\" class=\"wp-embedded-content\" sandbox=\"allow-scripts\" security=\"restricted\" style=\"position: absolute; clip: rect(1px, 1px, 1px, 1px);\" title=\"\u00ab\u00a0Alg\u00e9rie : Modification surprise du calendrier de la pr\u00e9sidentielle\u00a0\u00bb &#8212; Afrimag\" src=\"https:\/\/afrimag.net\/algerie-modification-surprise-du-calendrier-de-la-presidentielle\/embed\/#?secret=FlSIqCKpUw#?secret=1sTHiZ0vCA\" data-secret=\"1sTHiZ0vCA\" width=\"500\" height=\"282\" frameborder=\"0\" marginwidth=\"0\" marginheight=\"0\" scrolling=\"no\"><\/iframe><\/p>\n","protected":false},"excerpt":{"rendered":"<p>La prochaine \u00e9lection pr\u00e9sidentielle se tiendra le 7 septembre 2024, soit trois mois avant l\u2019\u00e9ch\u00e9ance initiale, a annonc\u00e9 la pr\u00e9sidence de la R\u00e9publique alg\u00e9rienne dans un communiqu\u00e9 publi\u00e9 jeudi 21 mars. Cette modification du calendrier \u00e9lectoral a surpris des observateurs de la politique alg\u00e9rienne. Elle a \u00e9t\u00e9 act\u00e9e au terme d\u2019une r\u00e9union o\u00f9 participaient le &hellip;<\/p>\n","protected":false},"author":2,"featured_media":8996,"comment_status":"open","ping_status":"open","sticky":false,"template":"","format":"standard","meta":{"footnotes":""},"categories":[18,29],"tags":[],"class_list":["post-8995","post","type-post","status-publish","format-standard","has-post-thumbnail","hentry","category-actualites","category-monde"],"_links":{"self":[{"href":"https:\/\/ladepeche.mr\/index.php?rest_route=\/wp\/v2\/posts\/8995","targetHints":{"allow":["GET"]}}],"collection":[{"href":"https:\/\/ladepeche.mr\/index.php?rest_route=\/wp\/v2\/posts"}],"about":[{"href":"https:\/\/ladepeche.mr\/index.php?rest_route=\/wp\/v2\/types\/post"}],"author":[{"embeddable":true,"href":"https:\/\/ladepeche.mr\/index.php?rest_route=\/wp\/v2\/users\/2"}],"replies":[{"embeddable":true,"href":"https:\/\/ladepeche.mr\/index.php?rest_route=%2Fwp%2Fv2%2Fcomments&post=8995"}],"version-history":[{"count":1,"href":"https:\/\/ladepeche.mr\/index.php?rest_route=\/wp\/v2\/posts\/8995\/revisions"}],"predecessor-version":[{"id":8997,"href":"https:\/\/ladepeche.mr\/index.php?rest_route=\/wp\/v2\/posts\/8995\/revisions\/8997"}],"wp:featuredmedia":[{"embeddable":true,"href":"https:\/\/ladepeche.mr\/index.php?rest_route=\/wp\/v2\/media\/8996"}],"wp:attachment":[{"href":"https:\/\/ladepeche.mr\/index.php?rest_route=%2Fwp%2Fv2%2Fmedia&parent=8995"}],"wp:term":[{"taxonomy":"category","embeddable":true,"href":"https:\/\/ladepeche.mr\/index.php?rest_route=%2Fwp%2Fv2%2Fcategories&post=8995"},{"taxonomy":"post_tag","embeddable":true,"href":"https:\/\/ladepeche.mr\/index.php?rest_route=%2Fwp%2Fv2%2Ftags&post=8995"}],"curies":[{"name":"wp","href":"https:\/\/api.w.org\/{rel}","templated":true}]}}