{"id":9001,"date":"2024-03-24T02:16:07","date_gmt":"2024-03-24T02:16:07","guid":{"rendered":"https:\/\/ladepeche.mr\/?p=9001"},"modified":"2024-03-24T02:16:53","modified_gmt":"2024-03-24T02:16:53","slug":"agriculture-directeur-general-de-fao-attendu-en-avril-a-nouakchott","status":"publish","type":"post","link":"https:\/\/ladepeche.mr\/?p=9001","title":{"rendered":"Agriculture : Le directeur g\u00e9n\u00e9ral de FAO attendu en avril \u00e0 Nouakchott"},"content":{"rendered":"<p>Le directeur g\u00e9n\u00e9ral de l&#8217;Organisation des Nations Unies pour l&#8217;alimentation et l&#8217;agriculture (FAO), Qu Dongyu (photo), est attendu pour une visite de travail de quelques jours en Mauritanie, a-t-on annonc\u00e9 de source officielle.<br \/>\nLa visite du DG de la Fao a fait l\u2019objet d\u2019une rencontre vendredi entre le ministre de l\u2019Agriculture, Memma Ould Beibat et le repr\u00e9sentant FAO en Mauritanie, Huynh Anh Tai Alexandre.<br \/>\nLa date a donc \u00e9t\u00e9 fix\u00e9e pour le mois d\u2019avril prochain. Les deux responsables ont exprim\u00e9 leur satisf\u00e9cit pour la coop\u00e9ration entre les deux parties.  Le responsable de la Fao \u00e0 Nouakchott, Huynh Anh Tai Alexandre, a encore r\u00e9it\u00e9r\u00e9 disponibilit\u00e9 de la FAO \u00e0 accompagner les efforts d\u00e9ploy\u00e9s par les autorit\u00e9s nationales en mati\u00e8re de promotion de l\u2019agriculture et d\u2019autosuffisance alimentaire.<\/p>\n","protected":false},"excerpt":{"rendered":"<p>Le directeur g\u00e9n\u00e9ral de l&#8217;Organisation des Nations Unies pour l&#8217;alimentation et l&#8217;agriculture (FAO), Qu Dongyu (photo), est attendu pour une visite de travail de quelques jours en Mauritanie, a-t-on annonc\u00e9 de source officielle. La visite du DG de la Fao a fait l\u2019objet d\u2019une rencontre vendredi entre le ministre de l\u2019Agriculture, Memma Ould Beibat et &hellip;<\/p>\n","protected":false},"author":2,"featured_media":9002,"comment_status":"open","ping_status":"open","sticky":false,"template":"","format":"standard","meta":{"footnotes":""},"categories":[18,2],"tags":[],"class_list":["post-9001","post","type-post","status-publish","format-standard","has-post-thumbnail","hentry","category-actualites","category-economie"],"_links":{"self":[{"href":"https:\/\/ladepeche.mr\/index.php?rest_route=\/wp\/v2\/posts\/9001","targetHints":{"allow":["GET"]}}],"collection":[{"href":"https:\/\/ladepeche.mr\/index.php?rest_route=\/wp\/v2\/posts"}],"about":[{"href":"https:\/\/ladepeche.mr\/index.php?rest_route=\/wp\/v2\/types\/post"}],"author":[{"embeddable":true,"href":"https:\/\/ladepeche.mr\/index.php?rest_route=\/wp\/v2\/users\/2"}],"replies":[{"embeddable":true,"href":"https:\/\/ladepeche.mr\/index.php?rest_route=%2Fwp%2Fv2%2Fcomments&post=9001"}],"version-history":[{"count":2,"href":"https:\/\/ladepeche.mr\/index.php?rest_route=\/wp\/v2\/posts\/9001\/revisions"}],"predecessor-version":[{"id":9004,"href":"https:\/\/ladepeche.mr\/index.php?rest_route=\/wp\/v2\/posts\/9001\/revisions\/9004"}],"wp:featuredmedia":[{"embeddable":true,"href":"https:\/\/ladepeche.mr\/index.php?rest_route=\/wp\/v2\/media\/9002"}],"wp:attachment":[{"href":"https:\/\/ladepeche.mr\/index.php?rest_route=%2Fwp%2Fv2%2Fmedia&parent=9001"}],"wp:term":[{"taxonomy":"category","embeddable":true,"href":"https:\/\/ladepeche.mr\/index.php?rest_route=%2Fwp%2Fv2%2Fcategories&post=9001"},{"taxonomy":"post_tag","embeddable":true,"href":"https:\/\/ladepeche.mr\/index.php?rest_route=%2Fwp%2Fv2%2Ftags&post=9001"}],"curies":[{"name":"wp","href":"https:\/\/api.w.org\/{rel}","templated":true}]}}