{"id":9005,"date":"2024-03-25T00:49:04","date_gmt":"2024-03-25T00:49:04","guid":{"rendered":"https:\/\/ladepeche.mr\/?p=9005"},"modified":"2024-03-25T00:49:04","modified_gmt":"2024-03-25T00:49:04","slug":"presidentielle-au-senegal-en-attendant-les-resultats-retour-sur-la-journee-du-premier-tour","status":"publish","type":"post","link":"https:\/\/ladepeche.mr\/?p=9005","title":{"rendered":"Pr\u00e9sidentielle au S\u00e9n\u00e9gal: en attendant les r\u00e9sultats, retour sur la journ\u00e9e du premier tour"},"content":{"rendered":"<p>Au S\u00e9n\u00e9gal, 7,3 millions de personnes \u00e9taient attendues aux urnes, ce 24 mars 2024, pour d\u00e9partager les 17 candidats toujours en lice pour succ\u00e9der \u00e0 Macky Sall, qui dirige le pays depuis 2012. Initialement pr\u00e9vue le 25 f\u00e9vrier, cette pr\u00e9sidentielle a \u00e9t\u00e9 report\u00e9e \u00e0 l\u2019issue d\u2019une crise politique majeure. Ce dimanche de vote s&#8217;est d\u00e9roul\u00e9 dans le calme. Les r\u00e9sultats officiels globaux provisoires sont d\u00e9sormais attendus au plus tard le vendredi 29 mars.<\/p>\n<p>\u25ba Au S\u00e9n\u00e9gal, pays de 18 millions d\u2019habitants, pr\u00e8s de 7,3 millions \u00e9taient appel\u00e9s \u00e0 participer au premier tour de l\u2019\u00e9lection pr\u00e9sidentielle 2024, ce dimanche, entre 8h et 18h, heure universelle et locale. Un scrutin pour \u00e9lire le cinqui\u00e8me pr\u00e9sident s\u00e9n\u00e9galais, apr\u00e8s L\u00e9opold S\u00e9dar Senghor (1960-1980), Abdou Diouf (1981-2000), Abdoulaye Wade (2000-2012) et Macky Sall (2012-2024).<\/p>\n<p>\u25ba Ils sont 17 \u00e0 avoir maintenu leur candidature pour succ\u00e9der \u00e0 Macky Sall : Amadou Ba, Boubacar Camara, Aliou Mamadou Dia, Mamadou Lamine Diallo, El Hadji Mamadou Diao, Mahammed Boun Abdallah Dionne, D\u00e9thi\u00e9 Fall, Papa Djibril Fall, Bassirou Diomaye Faye, El Hadji Malick Gakou, Serigne Mboup, Daouda Ndiaye, Aly Ngouille Ndiaye, Anta Babacar Ngom, Khalifa Sall, Thierno Alassane Sall, Idrissa Seck.<\/p>\n<p>\u25ba 16 440 bureaux de vote devaient ouvrir ce 24 mars, dont 807 \u00e0 l\u2019\u00e9tranger. Les r\u00e9sultats provisoires de ce premier tour doivent \u00eatre publi\u00e9s au plus tard le vendredi 29 mars. En cas de second tour, celui-ci sera organis\u00e9 le deuxi\u00e8me dimanche suivant la proclamation par le Conseil constitutionnel des r\u00e9sultats d\u00e9finitifs du premier tour.<\/p>\n<p>\u25ba La pr\u00e9sidence de Macky Sall s\u2019ach\u00e8ve le 2 avril. Le 3 f\u00e9vrier dernier, le chef de l\u2019\u00c9tat sortant avait annonc\u00e9 le report de cette \u00e9lection initialement pr\u00e9vue le 25 f\u00e9vrier. Scrutin que l\u2019Assembl\u00e9e nationale avait ensuite fix\u00e9 au 15 d\u00e9cembre. Date rejet\u00e9e par le Conseil constitutionnel. \u00c0 l\u2019issue d\u2019un dialogue national boycott\u00e9 par la plupart des candidats, le 2 juin avait \u00e9t\u00e9 propos\u00e9. Date l\u00e0 aussi rejet\u00e9e par le Conseil constitutionnel.<\/p>\n<p>lire la suite sur:  https:\/\/www.rfi.fr\/fr\/afrique\/20240324-pr%C3%A9sidentielle-au-s%C3%A9n%C3%A9gal-suivez-en-direct-la-journ%C3%A9e-de-vote-tant-attendue<\/p>\n","protected":false},"excerpt":{"rendered":"<p>Au S\u00e9n\u00e9gal, 7,3 millions de personnes \u00e9taient attendues aux urnes, ce 24 mars 2024, pour d\u00e9partager les 17 candidats toujours en lice pour succ\u00e9der \u00e0 Macky Sall, qui dirige le pays depuis 2012. Initialement pr\u00e9vue le 25 f\u00e9vrier, cette pr\u00e9sidentielle a \u00e9t\u00e9 report\u00e9e \u00e0 l\u2019issue d\u2019une crise politique majeure. Ce dimanche de vote s&#8217;est d\u00e9roul\u00e9 &hellip;<\/p>\n","protected":false},"author":2,"featured_media":9006,"comment_status":"open","ping_status":"open","sticky":false,"template":"","format":"standard","meta":{"footnotes":""},"categories":[18,29],"tags":[],"class_list":["post-9005","post","type-post","status-publish","format-standard","has-post-thumbnail","hentry","category-actualites","category-monde"],"_links":{"self":[{"href":"https:\/\/ladepeche.mr\/index.php?rest_route=\/wp\/v2\/posts\/9005","targetHints":{"allow":["GET"]}}],"collection":[{"href":"https:\/\/ladepeche.mr\/index.php?rest_route=\/wp\/v2\/posts"}],"about":[{"href":"https:\/\/ladepeche.mr\/index.php?rest_route=\/wp\/v2\/types\/post"}],"author":[{"embeddable":true,"href":"https:\/\/ladepeche.mr\/index.php?rest_route=\/wp\/v2\/users\/2"}],"replies":[{"embeddable":true,"href":"https:\/\/ladepeche.mr\/index.php?rest_route=%2Fwp%2Fv2%2Fcomments&post=9005"}],"version-history":[{"count":1,"href":"https:\/\/ladepeche.mr\/index.php?rest_route=\/wp\/v2\/posts\/9005\/revisions"}],"predecessor-version":[{"id":9007,"href":"https:\/\/ladepeche.mr\/index.php?rest_route=\/wp\/v2\/posts\/9005\/revisions\/9007"}],"wp:featuredmedia":[{"embeddable":true,"href":"https:\/\/ladepeche.mr\/index.php?rest_route=\/wp\/v2\/media\/9006"}],"wp:attachment":[{"href":"https:\/\/ladepeche.mr\/index.php?rest_route=%2Fwp%2Fv2%2Fmedia&parent=9005"}],"wp:term":[{"taxonomy":"category","embeddable":true,"href":"https:\/\/ladepeche.mr\/index.php?rest_route=%2Fwp%2Fv2%2Fcategories&post=9005"},{"taxonomy":"post_tag","embeddable":true,"href":"https:\/\/ladepeche.mr\/index.php?rest_route=%2Fwp%2Fv2%2Ftags&post=9005"}],"curies":[{"name":"wp","href":"https:\/\/api.w.org\/{rel}","templated":true}]}}