{"id":9009,"date":"2024-03-25T13:16:50","date_gmt":"2024-03-25T13:16:50","guid":{"rendered":"https:\/\/ladepeche.mr\/?p=9009"},"modified":"2024-03-25T13:16:50","modified_gmt":"2024-03-25T13:16:50","slug":"senegal-presse-revue-a-la-une-la-large-avance-prise-par-bassirou-diomaye-faye-au-1er-tour-de-la-presidentielle","status":"publish","type":"post","link":"https:\/\/ladepeche.mr\/?p=9009","title":{"rendered":"SENEGAL-PRESSE-REVUE \/ A la Une, la large avance prise par Bassirou Diomaye Faye au 1er tour de la pr\u00e9sidentielle"},"content":{"rendered":"<p>Les quotidiens re\u00e7us, lundi, \u00e0 l\u2019Agence de presse s\u00e9n\u00e9galaise (APS), commentent largement les premi\u00e8res tendances de l\u2019\u00e9lection pr\u00e9sidentielle largement favorables au candidat de l\u2019ex parti Pastef, Bassirou Diomaye Faye.<\/p>\n<p>Au total 7 371 890 \u00e9lecteurs s\u00e9n\u00e9galais \u00e9taient appel\u00e9s aux urnes, dimanche, pour \u00e9lire le successeur de Macky Sall.<br \/>\nDix-neuf candidats dont une femme \u00e9taient en lice pour ce scrutin qui s\u2019est d\u00e9roul\u00e9 \u2018\u2019sans anicroches\u2019\u2019, selon Le Soleil.<\/p>\n<p>\u2018\u2019Un vote, une lecture. Une lecture simple : une victoire de Bassirou Diomaye Faye se dessine. Ainsi se d\u00e9finit le scrutin pr\u00e9sidentiel de ce dimanche, 24 mars 2024. Le candidat Bassirou Diomaye Faye est arriv\u00e9 largement en t\u00eate d\u2019un scrutin qui l\u2019a mis aux prises avec Amadou Ba, candidat de Benno Bokk Yakaar, principalement\u2019\u2019, souligne Le Quotidien.<br \/>\n\u2019Diomaye, la surprise du chef !\u2019\u2019, s\u2019exclame Sud Quotidien qui \u00e9crit : \u2018\u2019Les tendances lourdes des r\u00e9sultats provisoires du scrutin d\u2019hier placent le lieutenant d\u2019Ousmane Sonko largement en t\u00eate dans les bureaux de vote \u00e0 Dakar et dans la majorit\u00e9 des villes du pays. Amadou Ba, le candidat de la majorit\u00e9 pr\u00e9sidentielle, arrive en deuxi\u00e8me position des suffrages valablement exprim\u00e9s\u2019\u2019.<\/p>\n<p>L\u2019As aussi note que les tendances sont \u2018\u2019favorables\u2019\u2019 \u00e0 Bassirou Diomaye Faye. \u2018\u2019Les urnes ont parl\u00e9. Les premiers r\u00e9sultats de la diaspora en particulier et des r\u00e9gions repr\u00e9sentatives montrent que Diomaye Faye est largement en t\u00eate de la pr\u00e9sidentielle tenue hier\u2019\u2019, \u00e9crit le journal.<\/p>\n<p>Lire la suite sur https:\/\/aps.sn\/a-la-une-lavance-large-prise-par-bassirou-diomaye-faye-au-1er-tour-de-la-presidentielle\/<\/p>\n","protected":false},"excerpt":{"rendered":"<p>Les quotidiens re\u00e7us, lundi, \u00e0 l\u2019Agence de presse s\u00e9n\u00e9galaise (APS), commentent largement les premi\u00e8res tendances de l\u2019\u00e9lection pr\u00e9sidentielle largement favorables au candidat de l\u2019ex parti Pastef, Bassirou Diomaye Faye. Au total 7 371 890 \u00e9lecteurs s\u00e9n\u00e9galais \u00e9taient appel\u00e9s aux urnes, dimanche, pour \u00e9lire le successeur de Macky Sall. Dix-neuf candidats dont une femme \u00e9taient en &hellip;<\/p>\n","protected":false},"author":2,"featured_media":9010,"comment_status":"open","ping_status":"open","sticky":false,"template":"","format":"standard","meta":{"footnotes":""},"categories":[18,29],"tags":[],"class_list":["post-9009","post","type-post","status-publish","format-standard","has-post-thumbnail","hentry","category-actualites","category-monde"],"_links":{"self":[{"href":"https:\/\/ladepeche.mr\/index.php?rest_route=\/wp\/v2\/posts\/9009","targetHints":{"allow":["GET"]}}],"collection":[{"href":"https:\/\/ladepeche.mr\/index.php?rest_route=\/wp\/v2\/posts"}],"about":[{"href":"https:\/\/ladepeche.mr\/index.php?rest_route=\/wp\/v2\/types\/post"}],"author":[{"embeddable":true,"href":"https:\/\/ladepeche.mr\/index.php?rest_route=\/wp\/v2\/users\/2"}],"replies":[{"embeddable":true,"href":"https:\/\/ladepeche.mr\/index.php?rest_route=%2Fwp%2Fv2%2Fcomments&post=9009"}],"version-history":[{"count":1,"href":"https:\/\/ladepeche.mr\/index.php?rest_route=\/wp\/v2\/posts\/9009\/revisions"}],"predecessor-version":[{"id":9011,"href":"https:\/\/ladepeche.mr\/index.php?rest_route=\/wp\/v2\/posts\/9009\/revisions\/9011"}],"wp:featuredmedia":[{"embeddable":true,"href":"https:\/\/ladepeche.mr\/index.php?rest_route=\/wp\/v2\/media\/9010"}],"wp:attachment":[{"href":"https:\/\/ladepeche.mr\/index.php?rest_route=%2Fwp%2Fv2%2Fmedia&parent=9009"}],"wp:term":[{"taxonomy":"category","embeddable":true,"href":"https:\/\/ladepeche.mr\/index.php?rest_route=%2Fwp%2Fv2%2Fcategories&post=9009"},{"taxonomy":"post_tag","embeddable":true,"href":"https:\/\/ladepeche.mr\/index.php?rest_route=%2Fwp%2Fv2%2Ftags&post=9009"}],"curies":[{"name":"wp","href":"https:\/\/api.w.org\/{rel}","templated":true}]}}