{"id":9012,"date":"2024-03-25T17:05:17","date_gmt":"2024-03-25T17:05:17","guid":{"rendered":"https:\/\/ladepeche.mr\/?p=9012"},"modified":"2024-03-25T17:05:17","modified_gmt":"2024-03-25T17:05:17","slug":"pour-la-premiere-fois-le-conseil-de-securite-de-lonu-exige-un-cessez-le-feu-a-gaza","status":"publish","type":"post","link":"https:\/\/ladepeche.mr\/?p=9012","title":{"rendered":"Pour la premi\u00e8re fois, le Conseil de s\u00e9curit\u00e9 de l\u2019ONU exige un \u00abcessez-le-feu\u00bb \u00e0 Gaza"},"content":{"rendered":"<p>La Chine avait annonc\u00e9 son soutien \u00e0 ce nouveau projet de r\u00e9solution exigeant un cessez-le-feu imm\u00e9diat et la lib\u00e9ration des otages retenus \u00e0 Gaza, quelques jours apr\u00e8s avoir mis son veto, comme la Russie, \u00e0 un projet de texte am\u00e9ricain.<\/p>\n<p>Apr\u00e8s plus de cinq mois de conflit, le Conseil de s\u00e9curit\u00e9 de l\u2019Organisation des nations unies (ONU) a adopt\u00e9 lundi 25 mars sa premi\u00e8re r\u00e9solution r\u00e9clamant un \u00ab cessez-le-feu imm\u00e9diat \u00bb pendant la dur\u00e9e du Ramadan et la lib\u00e9ration de tous les otages retenus \u00e0 Gaza. Les Etats-Unis, qui avaient mis leur veto \u00e0 de pr\u00e9c\u00e9dents textes, se sont abstenus, permettant l\u2019adoption, par 14 voix, de cette r\u00e9solution.<\/p>\n<p>Le texte \u00ab exige un cessez-le-feu imm\u00e9diat pour le mois du ramadan \u00bb, devant \u00ab mener \u00e0 un cessez-le-feu durable \u00bb et \u00ab exige la lib\u00e9ration imm\u00e9diate et inconditionnelle de tous les otages \u00bb. Le ramadan a d\u00e9j\u00e0 commenc\u00e9 il y a deux semaines.<\/p>\n<p>Plus t\u00f4t dans la journ\u00e9e, la Chine avait annonc\u00e9 son soutien \u00e0 ce nouveau projet de r\u00e9solution. \u00ab Nous esp\u00e9rons que le Conseil de s\u00e9curit\u00e9 l\u2019approuvera au plus vite et enverra un signal fort pour que cessent les hostilit\u00e9s \u00bb, avait d\u00e9clar\u00e9 Lin Jian, porte-parole du minist\u00e8re des affaires \u00e9trang\u00e8res chinois. Le vote, qui \u00e9tait pr\u00e9vu samedi, avait \u00e9t\u00e9 report\u00e9 \u00e0 lundi, pour tenter d\u2019\u00e9viter un nouvel \u00e9chec.<\/p>\n<p>Vendredi, la Russie et la Chine avaient mis leur veto \u00e0 un projet de r\u00e9solution am\u00e9ricain soulignant la n\u00e9cessit\u00e9 d\u2019un cessez-le-feu imm\u00e9diat dans la bande de Gaza, en lien avec les n\u00e9gociations pour la lib\u00e9ration des otages captur\u00e9s lors de l\u2019attaque du Hamas le 7 octobre sur le sol isra\u00e9lien.<\/p>\n<p>\u00ab Spectacle hypocrite \u00bb des Etats-Unis<\/p>\n<p>Jusqu\u2019ici, Washington, principal alli\u00e9 d\u2019Isra\u00ebl, avait mis son veto \u00e0 plusieurs r\u00e9solutions appelant \u00e0 un cessez-le-feu. Mais avec plus de 32 000 morts dans la bande de Gaza, selon le Hamas, et le risque de famine dans le territoire palestinien assi\u00e9g\u00e9, les Etats-Unis avaient affirm\u00e9 vouloir redoubler d\u2019efforts pour une tr\u00eave.<\/p>\n<p>Le texte am\u00e9ricain rejet\u00e9 n\u2019appelait pas explicitement \u00e0 un cessez-le-feu imm\u00e9diat, utilisant une formulation jug\u00e9e ambigu\u00eb par les pays arabes, la Chine et la Russie, laquelle a d\u00e9nonc\u00e9 le \u00ab spectacle hypocrite \u00bb des Etats-Unis.<\/p>\n<p>Tout le week-end, huit des dix membres non permanents du Conseil (Alg\u00e9rie, Malte, Mozambique, Guyana, Slov\u00e9nie, Sierra Leone, Suisse, Equateur) ont travaill\u00e9 sur ce nouveau projet de r\u00e9solution.<\/p>\n<p>La derni\u00e8re version vue par l\u2019Agence France-Presse \u00ab exige un cessez-le-feu humanitaire imm\u00e9diat pour le mois du ramadan (\u2026) menant \u00e0 un cessez-le-feu durable \u00bb. Elle r\u00e9clame aussi la lib\u00e9ration \u00ab inconditionnelle \u00bb des otages et la lev\u00e9e de \u00ab tous les obstacles \u00bb \u00e0 l\u2019aide humanitaire.<\/p>\n<p>Le Conseil, largement divis\u00e9 sur le dossier isra\u00e9lo-palestinien depuis des ann\u00e9es, n\u2019a pu adopter depuis le 7 octobre que deux r\u00e9solutions (sur huit soumises au vote), essentiellement humanitaires. Sans grand r\u00e9sultat : apr\u00e8s cinq mois et demi de guerre, l\u2019entr\u00e9e de l\u2019aide dans la bande de Gaza, assi\u00e9g\u00e9e, reste largement insuffisante et la famine plane.<\/p>\n<p>Le Monde via cridem<\/p>\n","protected":false},"excerpt":{"rendered":"<p>La Chine avait annonc\u00e9 son soutien \u00e0 ce nouveau projet de r\u00e9solution exigeant un cessez-le-feu imm\u00e9diat et la lib\u00e9ration des otages retenus \u00e0 Gaza, quelques jours apr\u00e8s avoir mis son veto, comme la Russie, \u00e0 un projet de texte am\u00e9ricain. Apr\u00e8s plus de cinq mois de conflit, le Conseil de s\u00e9curit\u00e9 de l\u2019Organisation des nations &hellip;<\/p>\n","protected":false},"author":2,"featured_media":9013,"comment_status":"open","ping_status":"open","sticky":false,"template":"","format":"standard","meta":{"footnotes":""},"categories":[18,29],"tags":[],"class_list":["post-9012","post","type-post","status-publish","format-standard","has-post-thumbnail","hentry","category-actualites","category-monde"],"_links":{"self":[{"href":"https:\/\/ladepeche.mr\/index.php?rest_route=\/wp\/v2\/posts\/9012","targetHints":{"allow":["GET"]}}],"collection":[{"href":"https:\/\/ladepeche.mr\/index.php?rest_route=\/wp\/v2\/posts"}],"about":[{"href":"https:\/\/ladepeche.mr\/index.php?rest_route=\/wp\/v2\/types\/post"}],"author":[{"embeddable":true,"href":"https:\/\/ladepeche.mr\/index.php?rest_route=\/wp\/v2\/users\/2"}],"replies":[{"embeddable":true,"href":"https:\/\/ladepeche.mr\/index.php?rest_route=%2Fwp%2Fv2%2Fcomments&post=9012"}],"version-history":[{"count":1,"href":"https:\/\/ladepeche.mr\/index.php?rest_route=\/wp\/v2\/posts\/9012\/revisions"}],"predecessor-version":[{"id":9014,"href":"https:\/\/ladepeche.mr\/index.php?rest_route=\/wp\/v2\/posts\/9012\/revisions\/9014"}],"wp:featuredmedia":[{"embeddable":true,"href":"https:\/\/ladepeche.mr\/index.php?rest_route=\/wp\/v2\/media\/9013"}],"wp:attachment":[{"href":"https:\/\/ladepeche.mr\/index.php?rest_route=%2Fwp%2Fv2%2Fmedia&parent=9012"}],"wp:term":[{"taxonomy":"category","embeddable":true,"href":"https:\/\/ladepeche.mr\/index.php?rest_route=%2Fwp%2Fv2%2Fcategories&post=9012"},{"taxonomy":"post_tag","embeddable":true,"href":"https:\/\/ladepeche.mr\/index.php?rest_route=%2Fwp%2Fv2%2Ftags&post=9012"}],"curies":[{"name":"wp","href":"https:\/\/api.w.org\/{rel}","templated":true}]}}