{"id":9021,"date":"2024-03-25T17:48:30","date_gmt":"2024-03-25T17:48:30","guid":{"rendered":"https:\/\/ladepeche.mr\/?p=9021"},"modified":"2024-03-25T17:48:30","modified_gmt":"2024-03-25T17:48:30","slug":"portrait-senegal-qui-est-bassirou-diomaye-faye-le-prochain-president-du-pays","status":"publish","type":"post","link":"https:\/\/ladepeche.mr\/?p=9021","title":{"rendered":"PORTRAIT &#8211; S\u00e9n\u00e9gal : qui est Bassirou Diomaye Faye, le prochain pr\u00e9sident du pays ?"},"content":{"rendered":"<p>L&#8217;opposant antisyst\u00e8me Bassirou Diomaye Faye, encore en prison il y a une dizaine de jours, va devenir le pr\u00e9sident du S\u00e9n\u00e9gal apr\u00e8s la reconnaissance lundi par son principal adversaire d&#8217;une victoire d\u00e8s le premier tour de la pr\u00e9sidentielle qui s&#8217;apparente \u00e0 un s\u00e9isme politique. Son av\u00e8nement annonce potentiellement une transformation significative de la gouvernance du pays.<br \/>\nD&#8217;une prison de Dakar au fauteuil pr\u00e9sidentiel, Bassirou Diomaye Faye incarne le pari victorieux du charismatique opposant s\u00e9n\u00e9galais Ousmane Sonko, qui avait d\u00e9sign\u00e9 son fr\u00e8re d&#8217;armes politique comme son suppl\u00e9ant. &#8220;Bassirou, c&#8217;est moi&#8221;, a dit Ousmane Sonko au sujet de son lieutenant appel\u00e9 \u00e0 devenir le plus jeune chef de l&#8217;Etat s\u00e9n\u00e9galais apr\u00e8s la reconnaissance de sa victoire par son principal adversaire lundi. &#8220;Diomaye&#8221;, comme il est commun\u00e9ment appel\u00e9 (&#8220;l&#8217;honorable&#8221; en s\u00e9r\u00e8re, une des communaut\u00e9s humaines du S\u00e9n\u00e9gal), f\u00eatait son 44e anniversaire lundi.<\/p>\n<p>Ancien inspecteur des imp\u00f4ts<br \/>\nSon av\u00e8nement annonce potentiellement une transformation significative de la gouvernance du pays. L&#8217;ancien inspecteur des imp\u00f4ts a franchi discr\u00e8tement les \u00e9tapes dans l&#8217;ombre de son mentor Ousmane Sonko, troisi\u00e8me de la pr\u00e9sidentielle en 2019 et frapp\u00e9 d&#8217;in\u00e9ligibilit\u00e9 en 2024 apr\u00e8s trois ans de bras de fer avec le pouvoir. Ousmane Sonko l&#8217;a d\u00e9sign\u00e9 comme son rempla\u00e7ant dans la course pr\u00e9sidentielle. Il n&#8217;a jamais exerc\u00e9 le moindre mandat d&#8217;\u00e9lu auparavant.<br \/>\nLib\u00e9r\u00e9s il y a dix jours de la prison o\u00f9 ils \u00e9taient d\u00e9tenus, les deux hommes ont drain\u00e9, lors d&#8217;une tourn\u00e9e \u00e0 travers le S\u00e9n\u00e9gal, des foules en liesse qui r\u00e9p\u00e9taient comme unique slogan &#8220;Sonko mooy Diomaye, Diomaye mooy Sonko&#8221; (&#8220;Sonko c&#8217;est Diomaye, Diomaye c&#8217;est Sonko&#8221;) en langue wolof. &#8220;Bien s\u00fbr, on aurait pr\u00e9f\u00e9r\u00e9 que ce soit Ousmane Sonko (le candidat). Mais j&#8217;ai confiance en Diomaye car Sonko lui a fait confiance. Ils partagent le m\u00eame projet&#8221;, confie Mourtalla Diouf, un jeune Casaman\u00e7ais de 27 ans.<\/p>\n<p>Faye et Sonko, &#8220;deux faces d&#8217;une m\u00eame pi\u00e8ce&#8221;<br \/>\n&#8220;Ils sont deux faces d&#8217;une m\u00eame pi\u00e8ce avec deux styles diff\u00e9rents&#8221;, corrobore Moustapha Sarr, un formateur des militants du Pastef, le parti de Bassirou Diomaye Faye et Ousmane Sonko dissous par les autorit\u00e9s en 2023. Souvent v\u00eatu d&#8217;un boubou blanc traditionnel, de taille moyenne, portant une barbichette sous son visage juv\u00e9nile, Bassirou Diomaye Faye s&#8217;est pr\u00e9sent\u00e9 sur sc\u00e8ne lors de son dernier meeting \u00e9lectoral en compagnie de ses deux \u00e9pouses, une premi\u00e8re pour un pr\u00e9sident s\u00e9n\u00e9galais.<\/p>\n<p>Contre l&#8217;hyperpr\u00e9sidentialisme, ce musulman pratiquant s&#8217;affiche comme l&#8217;incarnation d&#8217;une nouvelle g\u00e9n\u00e9ration de politiciens, mettant en avant ses valeurs panafricaines, sa volont\u00e9 de pr\u00e9server la souverainet\u00e9 de son pays, de r\u00e9partir plus justement les richesses et de r\u00e9former une justice qu&#8217;il juge corrompue.<\/p>\n<p>Il promet aussi de ren\u00e9gocier les contrats p\u00e9troliers et de p\u00eache et dit ne pas avoir peur de sortir du franc CFA, y compris en allant jusqu&#8217;\u00e0 la cr\u00e9ation d&#8217;une nouvelle monnaie nationale, une mesure que son adversaire Amadou Ba a d\u00e9nonc\u00e9 comme un &#8220;non-sens&#8221; \u00e9conomique.<\/p>\n<p>Inculp\u00e9 et \u00e9crou\u00e9 en 2023 pour outrage \u00e0 magistrat<br \/>\nSon projet est largement relay\u00e9 par ses nombreux sympathisants sur les r\u00e9seaux sociaux comme sa d\u00e9claration de patrimoine publi\u00e9e le dernier jour de la campagne pour marquer sa &#8220;transparence&#8221;. Ses rivaux lui reprochent d&#8217;\u00eatre \u00e0 la t\u00eate &#8220;d&#8217;aventuriers&#8221; pr\u00eats \u00e0 mener une politique de rupture dangereuse pour un pays r\u00e9put\u00e9 pour sa stabilit\u00e9 en Afrique de l&#8217;Ouest. Issu d&#8217;une modeste famille d&#8217;agriculteurs, Bassirou Diomaye Faye a pass\u00e9 le concours de l&#8217;Ena (\u00e9cole nationale d&#8217;administration) au S\u00e9n\u00e9gal, dans les pas de Ousmane Sonko, avant de prendre la t\u00eate du syndicat que ce dernier dirigeait. Ensemble, ils fondent en 2014 le parti politique Pastef.<br \/>\nBassirou Diomaye Faye va m\u00eame jusqu&#8217;\u00e0 appeler l&#8217;un de ses fils &#8220;Ousmane&#8221; en l&#8217;honneur de son compagnon de route. Puis ils se retrouvent ensemble en prison. En avril 2023, Bassirou Diomaye Faye est inculp\u00e9 et \u00e9crou\u00e9 pour outrage \u00e0 magistrat, diffamation et actes de nature \u00e0 compromettre la paix publique, selon un de ses avocats, apr\u00e8s la diffusion d&#8217;un message critique contre la justice dans les affaires Sonko. En juillet, Ousmane Sonko le rejoint, accus\u00e9 notamment d'&#8221;appel \u00e0 l&#8217;insurrection&#8221;.<\/p>\n<p>&#8220;Pr\u00e9sident, tu dis souvent que je suis t\u00eatu&#8221; mais &#8220;nous sommes toujours ensemble&#8221;, a-t-il lanc\u00e9, lors d&#8217;une conf\u00e9rence de presse sous le regard d&#8217;Ousmane Sonko, au lendemain de leur lib\u00e9ration. Il se pr\u00e9sente comme quelqu&#8217;un de &#8220;particuli\u00e8rement raisonn\u00e9, de particuli\u00e8rement raisonnable, de particuli\u00e8rement sens\u00e9, de particuli\u00e8rement r\u00e9fl\u00e9chi&#8221;. Apr\u00e8s avoir vot\u00e9 dimanche, il a appel\u00e9 \u00e0 un &#8220;retour d\u00e9finitif \u00e0 la s\u00e9r\u00e9nit\u00e9&#8221; au S\u00e9n\u00e9gal &#8220;qui a \u00e9t\u00e9 gravement perturb\u00e9e&#8221; ces derni\u00e8res ann\u00e9es.<br \/>\nhttps:\/\/www.europe1.fr\/international\/portrait-senegal-qui-est-bassirou-diomaye-faye-le-nouveau-president-du-pays-4237805<\/p>\n","protected":false},"excerpt":{"rendered":"<p>L&#8217;opposant antisyst\u00e8me Bassirou Diomaye Faye, encore en prison il y a une dizaine de jours, va devenir le pr\u00e9sident du S\u00e9n\u00e9gal apr\u00e8s la reconnaissance lundi par son principal adversaire d&#8217;une victoire d\u00e8s le premier tour de la pr\u00e9sidentielle qui s&#8217;apparente \u00e0 un s\u00e9isme politique. Son av\u00e8nement annonce potentiellement une transformation significative de la gouvernance du &hellip;<\/p>\n","protected":false},"author":2,"featured_media":9022,"comment_status":"open","ping_status":"open","sticky":false,"template":"","format":"standard","meta":{"footnotes":""},"categories":[18,29],"tags":[],"class_list":["post-9021","post","type-post","status-publish","format-standard","has-post-thumbnail","hentry","category-actualites","category-monde"],"_links":{"self":[{"href":"https:\/\/ladepeche.mr\/index.php?rest_route=\/wp\/v2\/posts\/9021","targetHints":{"allow":["GET"]}}],"collection":[{"href":"https:\/\/ladepeche.mr\/index.php?rest_route=\/wp\/v2\/posts"}],"about":[{"href":"https:\/\/ladepeche.mr\/index.php?rest_route=\/wp\/v2\/types\/post"}],"author":[{"embeddable":true,"href":"https:\/\/ladepeche.mr\/index.php?rest_route=\/wp\/v2\/users\/2"}],"replies":[{"embeddable":true,"href":"https:\/\/ladepeche.mr\/index.php?rest_route=%2Fwp%2Fv2%2Fcomments&post=9021"}],"version-history":[{"count":1,"href":"https:\/\/ladepeche.mr\/index.php?rest_route=\/wp\/v2\/posts\/9021\/revisions"}],"predecessor-version":[{"id":9023,"href":"https:\/\/ladepeche.mr\/index.php?rest_route=\/wp\/v2\/posts\/9021\/revisions\/9023"}],"wp:featuredmedia":[{"embeddable":true,"href":"https:\/\/ladepeche.mr\/index.php?rest_route=\/wp\/v2\/media\/9022"}],"wp:attachment":[{"href":"https:\/\/ladepeche.mr\/index.php?rest_route=%2Fwp%2Fv2%2Fmedia&parent=9021"}],"wp:term":[{"taxonomy":"category","embeddable":true,"href":"https:\/\/ladepeche.mr\/index.php?rest_route=%2Fwp%2Fv2%2Fcategories&post=9021"},{"taxonomy":"post_tag","embeddable":true,"href":"https:\/\/ladepeche.mr\/index.php?rest_route=%2Fwp%2Fv2%2Ftags&post=9021"}],"curies":[{"name":"wp","href":"https:\/\/api.w.org\/{rel}","templated":true}]}}