{"id":9033,"date":"2024-03-26T12:45:26","date_gmt":"2024-03-26T12:45:26","guid":{"rendered":"https:\/\/ladepeche.mr\/?p=9033"},"modified":"2024-03-26T12:45:26","modified_gmt":"2024-03-26T12:45:26","slug":"cessez-le-feu-a-gaza-ne-pas-lappliquer-serait-impardonnable-selon-le-chef-de-lonu","status":"publish","type":"post","link":"https:\/\/ladepeche.mr\/?p=9033","title":{"rendered":"Cessez-le-feu \u00e0 Gaza : ne pas l\u2019appliquer serait &#8220;impardonnable&#8221;, selon le chef de l\u2019ONU"},"content":{"rendered":"<p>Le secr\u00e9taire g\u00e9n\u00e9ral de l\u2019ONU Antonio Guterres a salu\u00e9 lundi l\u2019adoption par le Conseil de s\u00e9curit\u00e9 d\u2019une r\u00e9solution exigeant un cessez-le-feu &#8220;imm\u00e9diat&#8221; \u00e0 Gaza et la lib\u00e9ration des otages, estimant que ne pas l\u2019appliquer serait &#8220;impardonnable&#8221;.<\/p>\n<p>&#8220;Cette r\u00e9solution doit \u00eatre appliqu\u00e9e. Un \u00e9chec sera impardonnable&#8221;, a-t-il indiqu\u00e9 dans un message post\u00e9 sur le r\u00e9seau social X. &#8220;Nous saluons la r\u00e9solution du Conseil de s\u00e9curit\u00e9 de l\u2019ONU appelant \u00e0 un cessez-le-feu imm\u00e9diat dans la bande de Gaza&#8221;, a quant \u00e0 lui d\u00e9clar\u00e9 le ministre palestinien des Affaires civiles, Hussein al-Cheikh sur X. &#8220;Nous demandons l\u2019arr\u00eat d\u00e9finitif de cette guerre criminelle et le retrait imm\u00e9diat d\u2019Isra\u00ebl de la bande de Gaza&#8221;, a-t-il ajout\u00e9.<\/p>\n<p>Le Hamas a \u00e9galement applaudi la r\u00e9solution et exprim\u00e9 sa &#8220;volont\u00e9 d\u2019engager un processus d\u2019\u00e9change&#8221; de prisonniers contre des otages, ainsi que sa volont\u00e9 &#8220;d\u2019atteindre un cessez-le-feu permanent conduisant au retrait de toutes les forces&#8221; isra\u00e9liennes du territoire.<\/p>\n<p>Isra\u00ebl ne mettra pas fin \u00e0 sa guerre \u00e0 Gaza tant que le Hamas n\u2019aura pas lib\u00e9r\u00e9 les otages, a d\u00e9clar\u00e9 lundi \u00e0 Washington son ministre de la D\u00e9fense, apr\u00e8s que le Conseil de s\u00e9curit\u00e9 de l\u2019ONU a vot\u00e9 pour un &#8220;cessez-le-feu imm\u00e9diat&#8221;.<\/p>\n<p>&#8220;Nous n\u2019avons pas le droit moral d\u2019arr\u00eater la guerre tant qu\u2019il y a des otages \u00e0 Gaza&#8221;, a d\u00e9clar\u00e9 Yoav Gallant avant une rencontre avec le conseiller \u00e0 la s\u00e9curit\u00e9 nationale de la Maison Blanche, Jake Sullivan, et le secr\u00e9taire d\u2019Etat am\u00e9ricain, Antony Blinken.<\/p>\n<p>Imm\u00e9diatement apr\u00e8s l\u2019adoption de la r\u00e9solution, Isra\u00ebl a par ailleurs annul\u00e9 la visite d\u2019une d\u00e9l\u00e9gation qui \u00e9tait attendue \u00e0 Washington, d\u00e9clarant que l\u2019abstention am\u00e9ricaine face au vote de la r\u00e9solution &#8220;nuisait&#8221; \u00e0 la fois \u00e0 son effort de guerre et \u00e0 ses efforts pour lib\u00e9rer les otages.<br \/>\nLire sur https:\/\/www.rtbf.be\/article\/cessez-le-feu-a-gaza-ne-pas-lappliquer-serait-impardonnable-selon-le-chef-de-lonu-11349669<\/p>\n","protected":false},"excerpt":{"rendered":"<p>Le secr\u00e9taire g\u00e9n\u00e9ral de l\u2019ONU Antonio Guterres a salu\u00e9 lundi l\u2019adoption par le Conseil de s\u00e9curit\u00e9 d\u2019une r\u00e9solution exigeant un cessez-le-feu &#8220;imm\u00e9diat&#8221; \u00e0 Gaza et la lib\u00e9ration des otages, estimant que ne pas l\u2019appliquer serait &#8220;impardonnable&#8221;. &#8220;Cette r\u00e9solution doit \u00eatre appliqu\u00e9e. Un \u00e9chec sera impardonnable&#8221;, a-t-il indiqu\u00e9 dans un message post\u00e9 sur le r\u00e9seau social &hellip;<\/p>\n","protected":false},"author":2,"featured_media":9034,"comment_status":"open","ping_status":"open","sticky":false,"template":"","format":"standard","meta":{"footnotes":""},"categories":[18,29],"tags":[],"class_list":["post-9033","post","type-post","status-publish","format-standard","has-post-thumbnail","hentry","category-actualites","category-monde"],"_links":{"self":[{"href":"https:\/\/ladepeche.mr\/index.php?rest_route=\/wp\/v2\/posts\/9033","targetHints":{"allow":["GET"]}}],"collection":[{"href":"https:\/\/ladepeche.mr\/index.php?rest_route=\/wp\/v2\/posts"}],"about":[{"href":"https:\/\/ladepeche.mr\/index.php?rest_route=\/wp\/v2\/types\/post"}],"author":[{"embeddable":true,"href":"https:\/\/ladepeche.mr\/index.php?rest_route=\/wp\/v2\/users\/2"}],"replies":[{"embeddable":true,"href":"https:\/\/ladepeche.mr\/index.php?rest_route=%2Fwp%2Fv2%2Fcomments&post=9033"}],"version-history":[{"count":1,"href":"https:\/\/ladepeche.mr\/index.php?rest_route=\/wp\/v2\/posts\/9033\/revisions"}],"predecessor-version":[{"id":9035,"href":"https:\/\/ladepeche.mr\/index.php?rest_route=\/wp\/v2\/posts\/9033\/revisions\/9035"}],"wp:featuredmedia":[{"embeddable":true,"href":"https:\/\/ladepeche.mr\/index.php?rest_route=\/wp\/v2\/media\/9034"}],"wp:attachment":[{"href":"https:\/\/ladepeche.mr\/index.php?rest_route=%2Fwp%2Fv2%2Fmedia&parent=9033"}],"wp:term":[{"taxonomy":"category","embeddable":true,"href":"https:\/\/ladepeche.mr\/index.php?rest_route=%2Fwp%2Fv2%2Fcategories&post=9033"},{"taxonomy":"post_tag","embeddable":true,"href":"https:\/\/ladepeche.mr\/index.php?rest_route=%2Fwp%2Fv2%2Ftags&post=9033"}],"curies":[{"name":"wp","href":"https:\/\/api.w.org\/{rel}","templated":true}]}}