{"id":9036,"date":"2024-03-27T00:17:31","date_gmt":"2024-03-27T00:17:31","guid":{"rendered":"https:\/\/ladepeche.mr\/?p=9036"},"modified":"2024-03-27T00:53:27","modified_gmt":"2024-03-27T00:53:27","slug":"le-parquet-de-nouakchott-envoie-en-prison-pour-accusation-de-diffamation-le-president-de-long-mohamed-ould-ghadde","status":"publish","type":"post","link":"https:\/\/ladepeche.mr\/?p=9036","title":{"rendered":"Le Parquet de Nouakchott envoie en prison pour accusation de diffamation le pr\u00e9sident de l\u2019ONG &#8220;Transparence Int\u00e9grale&#8221;, Mohamed Ould Ghadde."},"content":{"rendered":"<p>Le pr\u00e9sident de l\u2019ONG \u00ab Transparence globale \u00bb a r\u00e9cemment men\u00e9 une campagne d\u2019accusation tous azimuts contre l\u2019homme d\u2019affaires Zein El Abidine l\u2019accusant de \u00ab d\u00e9tournements de biens publics \u00bb, de \u00abn\u00e9potisme \u00bb \u00e0 travers des march\u00e9s publics r\u00e9alis\u00e9s par ses entreprises pour le compte de l\u2019Etat. <\/p>\n<blockquote class=\"wp-embedded-content\" data-secret=\"h1t0FeddiE\"><p><a href=\"https:\/\/ladepeche.mr\/?p=8644\">Finances publiques: guerre de clans!<\/a><\/p><\/blockquote>\n<p><iframe loading=\"lazy\" class=\"wp-embedded-content\" sandbox=\"allow-scripts\" security=\"restricted\" style=\"position: absolute; clip: rect(1px, 1px, 1px, 1px);\" title=\"&#8220;Finances publiques: guerre de clans!&#8221; &#8212; La D\u00e9p\u00eache  de Mauritanie et du Sahel\" src=\"https:\/\/ladepeche.mr\/?p=8644&#038;embed=true#?secret=bDtwLcjPEA#?secret=h1t0FeddiE\" data-secret=\"h1t0FeddiE\" width=\"500\" height=\"282\" frameborder=\"0\" marginwidth=\"0\" marginheight=\"0\" scrolling=\"no\"><\/iframe><br \/>\nAncien s\u00e9nateur reconverti dans la soci\u00e9t\u00e9 civile en cr\u00e9ant l\u2019ONG \u00ab Transparence Totale \u00bb a \u00e9t\u00e9 s\u00e9v\u00e8rement critiqu\u00e9e pour ses enqu\u00eates \u00ab orient\u00e9es \u00bb et \u00ab subjectives \u00bb qui viseraient exclusivement les affaires du patron de l\u2019Union du Patronat Mauritanien. L&#8217;ONG est m\u00eame accus\u00e9e de s&#8217;immiscer dans la guerre des hommes d&#8217;affaires de la place.<\/p>\n","protected":false},"excerpt":{"rendered":"<p>Le pr\u00e9sident de l\u2019ONG \u00ab Transparence globale \u00bb a r\u00e9cemment men\u00e9 une campagne d\u2019accusation tous azimuts contre l\u2019homme d\u2019affaires Zein El Abidine l\u2019accusant de \u00ab d\u00e9tournements de biens publics \u00bb, de \u00abn\u00e9potisme \u00bb \u00e0 travers des march\u00e9s publics r\u00e9alis\u00e9s par ses entreprises pour le compte de l\u2019Etat. Finances publiques: guerre de clans! Ancien s\u00e9nateur reconverti &hellip;<\/p>\n","protected":false},"author":2,"featured_media":9038,"comment_status":"open","ping_status":"open","sticky":false,"template":"","format":"standard","meta":{"footnotes":""},"categories":[18,2],"tags":[],"class_list":["post-9036","post","type-post","status-publish","format-standard","has-post-thumbnail","hentry","category-actualites","category-economie"],"_links":{"self":[{"href":"https:\/\/ladepeche.mr\/index.php?rest_route=\/wp\/v2\/posts\/9036","targetHints":{"allow":["GET"]}}],"collection":[{"href":"https:\/\/ladepeche.mr\/index.php?rest_route=\/wp\/v2\/posts"}],"about":[{"href":"https:\/\/ladepeche.mr\/index.php?rest_route=\/wp\/v2\/types\/post"}],"author":[{"embeddable":true,"href":"https:\/\/ladepeche.mr\/index.php?rest_route=\/wp\/v2\/users\/2"}],"replies":[{"embeddable":true,"href":"https:\/\/ladepeche.mr\/index.php?rest_route=%2Fwp%2Fv2%2Fcomments&post=9036"}],"version-history":[{"count":2,"href":"https:\/\/ladepeche.mr\/index.php?rest_route=\/wp\/v2\/posts\/9036\/revisions"}],"predecessor-version":[{"id":9051,"href":"https:\/\/ladepeche.mr\/index.php?rest_route=\/wp\/v2\/posts\/9036\/revisions\/9051"}],"wp:featuredmedia":[{"embeddable":true,"href":"https:\/\/ladepeche.mr\/index.php?rest_route=\/wp\/v2\/media\/9038"}],"wp:attachment":[{"href":"https:\/\/ladepeche.mr\/index.php?rest_route=%2Fwp%2Fv2%2Fmedia&parent=9036"}],"wp:term":[{"taxonomy":"category","embeddable":true,"href":"https:\/\/ladepeche.mr\/index.php?rest_route=%2Fwp%2Fv2%2Fcategories&post=9036"},{"taxonomy":"post_tag","embeddable":true,"href":"https:\/\/ladepeche.mr\/index.php?rest_route=%2Fwp%2Fv2%2Ftags&post=9036"}],"curies":[{"name":"wp","href":"https:\/\/api.w.org\/{rel}","templated":true}]}}