{"id":9065,"date":"2024-03-27T20:59:47","date_gmt":"2024-03-27T20:59:47","guid":{"rendered":"https:\/\/ladepeche.mr\/?p=9065"},"modified":"2024-03-27T21:02:22","modified_gmt":"2024-03-27T21:02:22","slug":"gouvernement-adoption-du-plan-daction-national-de-lutte-contre-la-traite-des-personnes-2024-2026","status":"publish","type":"post","link":"https:\/\/ladepeche.mr\/?p=9065","title":{"rendered":"Gouvernement: Adoption du plan d\u2019action national de lutte contre la traite des personnes 2024-2026"},"content":{"rendered":"<p>Le gouvernement mauritanien a adopt\u00e9 jeudi le projet de plan d\u2019action national de lutte contre la traite des personnes 2024-2026 pr\u00e9sent\u00e9 en communication devant le conseil des ministres par le ministre de la justice.<\/p>\n<p>Ce plan d\u2019action est pr\u00e9sent\u00e9 comme \u00ab\u00a0un instrument de planification int\u00e9gr\u00e9 permettant \u00e0 la Mauritanie de lutter efficacement et durablement contre ce fl\u00e9au, r\u00e9primer les auteurs des infractions, identifier, prot\u00e9ger et assister les t\u00e9moins.\u00a0\u00bb<\/p>\n<blockquote class=\"wp-embedded-content\" data-secret=\"cjxGkwNtJJ\"><p><a href=\"https:\/\/ladepeche.mr\/?p=8913\">Renforcement des m\u00e9canismes judiciaires pour le respect des droits humains : Am\u00e9liorer le niveau de coordination des organes et m\u00e9canismes nationaux<\/a><\/p><\/blockquote>\n<p><iframe loading=\"lazy\" class=\"wp-embedded-content\" sandbox=\"allow-scripts\" security=\"restricted\" style=\"position: absolute; clip: rect(1px, 1px, 1px, 1px);\" title=\"&#8220;Renforcement des m\u00e9canismes judiciaires pour le respect des droits humains : Am\u00e9liorer le niveau de coordination des organes et m\u00e9canismes nationaux&#8221; &#8212; La D\u00e9p\u00eache  de Mauritanie et du Sahel\" src=\"https:\/\/ladepeche.mr\/?p=8913&#038;embed=true#?secret=eYIolrehWC#?secret=cjxGkwNtJJ\" data-secret=\"cjxGkwNtJJ\" width=\"500\" height=\"282\" frameborder=\"0\" marginwidth=\"0\" marginheight=\"0\" scrolling=\"no\"><\/iframe><br \/>\nLa Mauritanie a, rappelle-t-on, engag\u00e9 depuis quelques temps d\u00e9j\u00e0 des concertations entre les diff\u00e9rentes structures officielles pour assurer une meilleure coordination des m\u00e9canismes judiciaires pour le respect des droits humains.<\/p>\n","protected":false},"excerpt":{"rendered":"<p>Le gouvernement mauritanien a adopt\u00e9 jeudi le projet de plan d\u2019action national de lutte contre la traite des personnes 2024-2026 pr\u00e9sent\u00e9 en communication devant le conseil des ministres par le ministre de la justice. Ce plan d\u2019action est pr\u00e9sent\u00e9 comme \u00ab\u00a0un instrument de planification int\u00e9gr\u00e9 permettant \u00e0 la Mauritanie de lutter efficacement et durablement contre &hellip;<\/p>\n","protected":false},"author":2,"featured_media":9067,"comment_status":"open","ping_status":"open","sticky":false,"template":"","format":"standard","meta":{"footnotes":""},"categories":[18],"tags":[],"class_list":["post-9065","post","type-post","status-publish","format-standard","has-post-thumbnail","hentry","category-actualites"],"_links":{"self":[{"href":"https:\/\/ladepeche.mr\/index.php?rest_route=\/wp\/v2\/posts\/9065","targetHints":{"allow":["GET"]}}],"collection":[{"href":"https:\/\/ladepeche.mr\/index.php?rest_route=\/wp\/v2\/posts"}],"about":[{"href":"https:\/\/ladepeche.mr\/index.php?rest_route=\/wp\/v2\/types\/post"}],"author":[{"embeddable":true,"href":"https:\/\/ladepeche.mr\/index.php?rest_route=\/wp\/v2\/users\/2"}],"replies":[{"embeddable":true,"href":"https:\/\/ladepeche.mr\/index.php?rest_route=%2Fwp%2Fv2%2Fcomments&post=9065"}],"version-history":[{"count":3,"href":"https:\/\/ladepeche.mr\/index.php?rest_route=\/wp\/v2\/posts\/9065\/revisions"}],"predecessor-version":[{"id":9069,"href":"https:\/\/ladepeche.mr\/index.php?rest_route=\/wp\/v2\/posts\/9065\/revisions\/9069"}],"wp:featuredmedia":[{"embeddable":true,"href":"https:\/\/ladepeche.mr\/index.php?rest_route=\/wp\/v2\/media\/9067"}],"wp:attachment":[{"href":"https:\/\/ladepeche.mr\/index.php?rest_route=%2Fwp%2Fv2%2Fmedia&parent=9065"}],"wp:term":[{"taxonomy":"category","embeddable":true,"href":"https:\/\/ladepeche.mr\/index.php?rest_route=%2Fwp%2Fv2%2Fcategories&post=9065"},{"taxonomy":"post_tag","embeddable":true,"href":"https:\/\/ladepeche.mr\/index.php?rest_route=%2Fwp%2Fv2%2Ftags&post=9065"}],"curies":[{"name":"wp","href":"https:\/\/api.w.org\/{rel}","templated":true}]}}