{"id":9116,"date":"2024-04-01T18:21:01","date_gmt":"2024-04-01T18:21:01","guid":{"rendered":"https:\/\/ladepeche.mr\/?p=9116"},"modified":"2024-04-01T18:21:01","modified_gmt":"2024-04-01T18:21:01","slug":"justice-ould-ghadda-somme-de-ne-plus-publier-dans-laffaire-pendante-devant-les-juridictions","status":"publish","type":"post","link":"https:\/\/ladepeche.mr\/?p=9116","title":{"rendered":"Justice : Ould Ghadda somm\u00e9 de ne plus publier dans l\u2019affaire pendante devant les juridictions"},"content":{"rendered":"<p>Mohamed Ould Ghdda, ancien s\u00e9nateur et pr\u00e9sident de l\u2019ONG, \u00ab Transparence Globale \u00bb, a \u00e9t\u00e9 somm\u00e9 par le juge d\u2019instruction de s\u2019abstenir d\u2019\u00e9crire sur l\u2019affaire pendante devant la Justice jusqu\u2019\u00e0 son d\u00e9nouement.<br \/>\nAccus\u00e9 de calomnie, de diffamation et de publication d&#8217;informations portant pr\u00e9judice  \u00e0 autrui via Internet avec l&#8217;intention de nuire et de porter intentionnellement atteinte aux vies et biens des personnes concern\u00e9es, Mohamed Ould Ghadda avait \u00e9t\u00e9 envoy\u00e9, suite \u00e0 ces motifs, en prison suite une requ\u00eate du parquet g\u00e9n\u00e9ral.<\/p>\n<blockquote class=\"wp-embedded-content\" data-secret=\"2QLOICu0hi\"><p><a href=\"https:\/\/ladepeche.mr\/?p=9036\">Le Parquet de Nouakchott envoie en prison pour accusation de diffamation le pr\u00e9sident de l\u2019ONG &#8220;Transparence Int\u00e9grale&#8221;, Mohamed Ould Ghadde.<\/a><\/p><\/blockquote>\n<p><iframe loading=\"lazy\" class=\"wp-embedded-content\" sandbox=\"allow-scripts\" security=\"restricted\" style=\"position: absolute; clip: rect(1px, 1px, 1px, 1px);\" title=\"&#8220;Le Parquet de Nouakchott envoie en prison pour accusation de diffamation le pr\u00e9sident de l\u2019ONG &#8220;Transparence Int\u00e9grale&#8221;, Mohamed Ould Ghadde.&#8221; &#8212; La D\u00e9p\u00eache  de Mauritanie et du Sahel\" src=\"https:\/\/ladepeche.mr\/?p=9036&#038;embed=true#?secret=DVAtftT1W5#?secret=2QLOICu0hi\" data-secret=\"2QLOICu0hi\" width=\"500\" height=\"282\" frameborder=\"0\" marginwidth=\"0\" marginheight=\"0\" scrolling=\"no\"><\/iframe><br \/>\nDans le m\u00eame sillage, un second ex-s\u00e9nateur Ahmed Salem Ould Bacar, tr\u00e9sorier de ladite ONG, a \u00e9t\u00e9 entendu par le juge ce lundi dans cette affaire.<br \/>\n Mohamed Ould Ghadda est poursuivi en Justice suite \u00e0 une plainte introduite contre lui par Bis TP, soci\u00e9t\u00e9 appartenant \u00e0 l&#8217;homme d&#8217;affaires Zine El Abidine Ould Cheikh Ahmed.<br \/>\nPlusieurs vid\u00e9os dans lesquelles des citoyens de l\u2019Aftout Charghi se disant avoir \u00e9t\u00e9 abus\u00e9s par deux hommes, se pr\u00e9sentant comme des responsables de l\u2019hydraulique, qui auraient manipul\u00e9 leurs d\u00e9clarations, circulent actuellement sur les r\u00e9seaux sociaux.<\/p>\n<blockquote class=\"wp-embedded-content\" data-secret=\"I6VYCXTYPo\"><p><a href=\"https:\/\/ladepeche.mr\/?p=8644\">Finances publiques: guerre de clans!<\/a><\/p><\/blockquote>\n<p><iframe loading=\"lazy\" class=\"wp-embedded-content\" sandbox=\"allow-scripts\" security=\"restricted\" style=\"position: absolute; clip: rect(1px, 1px, 1px, 1px);\" title=\"&#8220;Finances publiques: guerre de clans!&#8221; &#8212; La D\u00e9p\u00eache  de Mauritanie et du Sahel\" src=\"https:\/\/ladepeche.mr\/?p=8644&#038;embed=true#?secret=992b5Oq3Lq#?secret=I6VYCXTYPo\" data-secret=\"I6VYCXTYPo\" width=\"500\" height=\"282\" frameborder=\"0\" marginwidth=\"0\" marginheight=\"0\" scrolling=\"no\"><\/iframe><br \/>\nLe pr\u00e9sident de l\u2019ONG est \u00e9galement soup\u00e7onn\u00e9, par une certaine opinion, de s\u2019impliquer dans les luttes d\u2019influence que se livrent les argentiers du pays.<\/p>\n","protected":false},"excerpt":{"rendered":"<p>Mohamed Ould Ghdda, ancien s\u00e9nateur et pr\u00e9sident de l\u2019ONG, \u00ab Transparence Globale \u00bb, a \u00e9t\u00e9 somm\u00e9 par le juge d\u2019instruction de s\u2019abstenir d\u2019\u00e9crire sur l\u2019affaire pendante devant la Justice jusqu\u2019\u00e0 son d\u00e9nouement. Accus\u00e9 de calomnie, de diffamation et de publication d&#8217;informations portant pr\u00e9judice \u00e0 autrui via Internet avec l&#8217;intention de nuire et de porter intentionnellement &hellip;<\/p>\n","protected":false},"author":2,"featured_media":9038,"comment_status":"open","ping_status":"open","sticky":false,"template":"","format":"standard","meta":{"footnotes":""},"categories":[18,2],"tags":[],"class_list":["post-9116","post","type-post","status-publish","format-standard","has-post-thumbnail","hentry","category-actualites","category-economie"],"_links":{"self":[{"href":"https:\/\/ladepeche.mr\/index.php?rest_route=\/wp\/v2\/posts\/9116","targetHints":{"allow":["GET"]}}],"collection":[{"href":"https:\/\/ladepeche.mr\/index.php?rest_route=\/wp\/v2\/posts"}],"about":[{"href":"https:\/\/ladepeche.mr\/index.php?rest_route=\/wp\/v2\/types\/post"}],"author":[{"embeddable":true,"href":"https:\/\/ladepeche.mr\/index.php?rest_route=\/wp\/v2\/users\/2"}],"replies":[{"embeddable":true,"href":"https:\/\/ladepeche.mr\/index.php?rest_route=%2Fwp%2Fv2%2Fcomments&post=9116"}],"version-history":[{"count":1,"href":"https:\/\/ladepeche.mr\/index.php?rest_route=\/wp\/v2\/posts\/9116\/revisions"}],"predecessor-version":[{"id":9117,"href":"https:\/\/ladepeche.mr\/index.php?rest_route=\/wp\/v2\/posts\/9116\/revisions\/9117"}],"wp:featuredmedia":[{"embeddable":true,"href":"https:\/\/ladepeche.mr\/index.php?rest_route=\/wp\/v2\/media\/9038"}],"wp:attachment":[{"href":"https:\/\/ladepeche.mr\/index.php?rest_route=%2Fwp%2Fv2%2Fmedia&parent=9116"}],"wp:term":[{"taxonomy":"category","embeddable":true,"href":"https:\/\/ladepeche.mr\/index.php?rest_route=%2Fwp%2Fv2%2Fcategories&post=9116"},{"taxonomy":"post_tag","embeddable":true,"href":"https:\/\/ladepeche.mr\/index.php?rest_route=%2Fwp%2Fv2%2Ftags&post=9116"}],"curies":[{"name":"wp","href":"https:\/\/api.w.org\/{rel}","templated":true}]}}