{"id":9162,"date":"2024-04-03T14:39:35","date_gmt":"2024-04-03T14:39:35","guid":{"rendered":"https:\/\/ladepeche.mr\/?p=9162"},"modified":"2024-04-03T14:40:42","modified_gmt":"2024-04-03T14:40:42","slug":"bae-discrete-mais-efficace","status":"publish","type":"post","link":"https:\/\/ladepeche.mr\/?p=9162","title":{"rendered":"BEA, discr\u00e8te mais efficace"},"content":{"rendered":"<p>La banque \u00abEl Amana\u00bb et le HCR renouvellent ont renouvel\u00e9 leur partenariat pour l\u2019acc\u00e8s des r\u00e9fugi\u00e9s \u00e0 des transferts mon\u00e9taires.<br \/>\nTrois cents mille personnes ont jusqu\u2019ici b\u00e9n\u00e9fici\u00e9 de transfert rapproch\u00e9s d\u2019argent gr\u00e2ce \u00e0 un partenariat entre la Banque \u00abEl Amana \u00bb (BAE) et le Haut-Commissariat pour les R\u00e9fugi\u00e9s (HCR). L\u2019op\u00e9ration conjointe inaugur\u00e9e en 2020 a \u00e9t\u00e9 renouvel\u00e9e r\u00e9cemment gr\u00e2ce \u00e0 la pr\u00e9sence d\u2019une agence de la banque \u00abEl Amana \u00bb MBerra o\u00f9 se trouvent les camps des r\u00e9fugi\u00e9s.<br \/>\nForts du succ\u00e8s de leur premi\u00e8re exp\u00e9rience, les deux parties ont encore r\u00e9cemment renouvel\u00e9 leur partenariat strat\u00e9gique pour contribuer \u00e0 \u00abla cr\u00e9ation d&#8217;un impact positif sur les r\u00e9fugi\u00e9s et les communaut\u00e9s h\u00f4tes \u00bb en soutenant les populations vuln\u00e9rables sur cet espace.<br \/>\nTr\u00e8s discr\u00e8te en communication mais non moins engag\u00e9e dans la facilitation d\u2019acc\u00e8s des populations cibles aux financements HCR, la banque \u00abEl Amana\u00bb resterait d\u00e9termin\u00e9e \u00e0 relever les d\u00e9fis de pourvoir \u00e0 \u00abune assistance s\u00e9curis\u00e9e, rapide et pratique\u00bb et \u00e0 relever le d\u00e9fi de cette mission \u00abexaltante \u00bb.<br \/>\nCr\u00e9\u00e9e en 1996 par Ould Bouna Mokhtar, la BEA dispose d\u2019une client\u00e8le fid\u00e8le et diversifi\u00e9e qui lui t\u00e9moigne beaucoup de confiance.<\/p>\n","protected":false},"excerpt":{"rendered":"<p>La banque \u00abEl Amana\u00bb et le HCR renouvellent ont renouvel\u00e9 leur partenariat pour l\u2019acc\u00e8s des r\u00e9fugi\u00e9s \u00e0 des transferts mon\u00e9taires. Trois cents mille personnes ont jusqu\u2019ici b\u00e9n\u00e9fici\u00e9 de transfert rapproch\u00e9s d\u2019argent gr\u00e2ce \u00e0 un partenariat entre la Banque \u00abEl Amana \u00bb (BAE) et le Haut-Commissariat pour les R\u00e9fugi\u00e9s (HCR). L\u2019op\u00e9ration conjointe inaugur\u00e9e en 2020 a &hellip;<\/p>\n","protected":false},"author":2,"featured_media":9163,"comment_status":"open","ping_status":"open","sticky":false,"template":"","format":"standard","meta":{"footnotes":""},"categories":[18,2,25],"tags":[],"class_list":["post-9162","post","type-post","status-publish","format-standard","has-post-thumbnail","hentry","category-actualites","category-economie","category-en-forme"],"_links":{"self":[{"href":"https:\/\/ladepeche.mr\/index.php?rest_route=\/wp\/v2\/posts\/9162","targetHints":{"allow":["GET"]}}],"collection":[{"href":"https:\/\/ladepeche.mr\/index.php?rest_route=\/wp\/v2\/posts"}],"about":[{"href":"https:\/\/ladepeche.mr\/index.php?rest_route=\/wp\/v2\/types\/post"}],"author":[{"embeddable":true,"href":"https:\/\/ladepeche.mr\/index.php?rest_route=\/wp\/v2\/users\/2"}],"replies":[{"embeddable":true,"href":"https:\/\/ladepeche.mr\/index.php?rest_route=%2Fwp%2Fv2%2Fcomments&post=9162"}],"version-history":[{"count":3,"href":"https:\/\/ladepeche.mr\/index.php?rest_route=\/wp\/v2\/posts\/9162\/revisions"}],"predecessor-version":[{"id":9166,"href":"https:\/\/ladepeche.mr\/index.php?rest_route=\/wp\/v2\/posts\/9162\/revisions\/9166"}],"wp:featuredmedia":[{"embeddable":true,"href":"https:\/\/ladepeche.mr\/index.php?rest_route=\/wp\/v2\/media\/9163"}],"wp:attachment":[{"href":"https:\/\/ladepeche.mr\/index.php?rest_route=%2Fwp%2Fv2%2Fmedia&parent=9162"}],"wp:term":[{"taxonomy":"category","embeddable":true,"href":"https:\/\/ladepeche.mr\/index.php?rest_route=%2Fwp%2Fv2%2Fcategories&post=9162"},{"taxonomy":"post_tag","embeddable":true,"href":"https:\/\/ladepeche.mr\/index.php?rest_route=%2Fwp%2Fv2%2Ftags&post=9162"}],"curies":[{"name":"wp","href":"https:\/\/api.w.org\/{rel}","templated":true}]}}