{"id":9182,"date":"2024-04-04T16:13:55","date_gmt":"2024-04-04T16:13:55","guid":{"rendered":"https:\/\/ladepeche.mr\/?p=9182"},"modified":"2024-04-04T16:16:13","modified_gmt":"2024-04-04T16:16:13","slug":"vive-emotion-sur-la-toile-suite-au-partage-dune-video-contenant-des-images-presumees-de-mauritaniens-tues-a-la-frontiere-malienne","status":"publish","type":"post","link":"https:\/\/ladepeche.mr\/?p=9182","title":{"rendered":"Vive \u00e9motion sur la toile suite au partage d\u2019une vid\u00e9o contenant des images pr\u00e9sum\u00e9es de mauritaniens tu\u00e9s \u00e0 la fronti\u00e8re malienne"},"content":{"rendered":"<p>Une vive \u00e9motion sur la toile suite accompagne aujourd\u2019hui le partage d\u2019une vid\u00e9o contenant des images pr\u00e9sum\u00e9es de mauritaniens tu\u00e9s \u00e0 la fronti\u00e8re malienne, constate-t-on sur plusieurs groupes d\u2019\u00e9changes<br \/>\nSur cette vid\u00e9o apparaissent, au moins, cinq corps calcin\u00e9s et ligot\u00e9s. Les victimes auraient apparemment \u00e9t\u00e9 br\u00fbl\u00e9es vives par leurs assassins.<br \/>\nSi le d\u00e9bat n\u2019est pas clos quant \u00e0 la v\u00e9ritable nationalit\u00e9 des victimes, qui seraient maliens d\u2019origine mauritanienne, clame une partie, d\u2019autres questions toujours aussi br\u00fblantes d\u2019actualit\u00e9 se rapportent aux conditions de s\u00e9curit\u00e9 de nos concitoyens \u00e0 la fronti\u00e8re malienne depuis la reprise des hostilit\u00e9s entre gouvernement et opposition arm\u00e9e touareg.<br \/>\nA noter qu\u2019il ne s\u2019agit pas l\u00e0 d\u2019un acte isol\u00e9 mais bien d\u2019une s\u00e9rie d\u2019attaques contre les usagers de ces axes frontaliers entre les deux pays.<br \/>\nLa Mauritanie, rappelle-t-on, d\u00e9veloppe une coop\u00e9ration pouss\u00e9e avec les autorit\u00e9s maliennes au plan bilat\u00e9ral, en d\u00e9pit de la sortie de ce pays du G5S.<\/p>\n","protected":false},"excerpt":{"rendered":"<p>Une vive \u00e9motion sur la toile suite accompagne aujourd\u2019hui le partage d\u2019une vid\u00e9o contenant des images pr\u00e9sum\u00e9es de mauritaniens tu\u00e9s \u00e0 la fronti\u00e8re malienne, constate-t-on sur plusieurs groupes d\u2019\u00e9changes Sur cette vid\u00e9o apparaissent, au moins, cinq corps calcin\u00e9s et ligot\u00e9s. Les victimes auraient apparemment \u00e9t\u00e9 br\u00fbl\u00e9es vives par leurs assassins. Si le d\u00e9bat n\u2019est pas &hellip;<\/p>\n","protected":false},"author":2,"featured_media":9183,"comment_status":"open","ping_status":"open","sticky":false,"template":"","format":"standard","meta":{"footnotes":""},"categories":[18],"tags":[],"class_list":["post-9182","post","type-post","status-publish","format-standard","has-post-thumbnail","hentry","category-actualites"],"_links":{"self":[{"href":"https:\/\/ladepeche.mr\/index.php?rest_route=\/wp\/v2\/posts\/9182","targetHints":{"allow":["GET"]}}],"collection":[{"href":"https:\/\/ladepeche.mr\/index.php?rest_route=\/wp\/v2\/posts"}],"about":[{"href":"https:\/\/ladepeche.mr\/index.php?rest_route=\/wp\/v2\/types\/post"}],"author":[{"embeddable":true,"href":"https:\/\/ladepeche.mr\/index.php?rest_route=\/wp\/v2\/users\/2"}],"replies":[{"embeddable":true,"href":"https:\/\/ladepeche.mr\/index.php?rest_route=%2Fwp%2Fv2%2Fcomments&post=9182"}],"version-history":[{"count":4,"href":"https:\/\/ladepeche.mr\/index.php?rest_route=\/wp\/v2\/posts\/9182\/revisions"}],"predecessor-version":[{"id":9187,"href":"https:\/\/ladepeche.mr\/index.php?rest_route=\/wp\/v2\/posts\/9182\/revisions\/9187"}],"wp:featuredmedia":[{"embeddable":true,"href":"https:\/\/ladepeche.mr\/index.php?rest_route=\/wp\/v2\/media\/9183"}],"wp:attachment":[{"href":"https:\/\/ladepeche.mr\/index.php?rest_route=%2Fwp%2Fv2%2Fmedia&parent=9182"}],"wp:term":[{"taxonomy":"category","embeddable":true,"href":"https:\/\/ladepeche.mr\/index.php?rest_route=%2Fwp%2Fv2%2Fcategories&post=9182"},{"taxonomy":"post_tag","embeddable":true,"href":"https:\/\/ladepeche.mr\/index.php?rest_route=%2Fwp%2Fv2%2Ftags&post=9182"}],"curies":[{"name":"wp","href":"https:\/\/api.w.org\/{rel}","templated":true}]}}