{"id":9188,"date":"2024-04-04T16:23:16","date_gmt":"2024-04-04T16:23:16","guid":{"rendered":"https:\/\/ladepeche.mr\/?p=9188"},"modified":"2024-04-04T16:24:20","modified_gmt":"2024-04-04T16:24:20","slug":"iftar-des-medias-un-melange-de-genres-qui-choque-lors-de-la-priere-du-crepuscule","status":"publish","type":"post","link":"https:\/\/ladepeche.mr\/?p=9188","title":{"rendered":"Iftar des m\u00e9dias: Un m\u00e9lange de genres, lors de la pri\u00e8re du cr\u00e9puscule, qui choque l&#8217;opinion"},"content":{"rendered":"<p>Des photos d\u2019hommes et de femmes, c\u00f4te \u00e0 c\u00f4te, lors de la pri\u00e8re du cr\u00e9puscule, \u00e0 la faveur d\u2019un Iftar offert par le ministre de la communication \u00e0 certains m\u00e9dias, font le buzz ce jeudi sur la toile.<br \/>\nLe spectacle donn\u00e9 suscite la critique des fid\u00e8les pour ce m\u00e9lange de genres et surtout le courroux des hommes de religion.<br \/>\nLes commentaires vont bon train et les observateurs s\u2019\u00e9tonnent de tant de d\u00e9sinvolture pendant un moment cens\u00e9 \u00eatre un instant de recueillement suivant les pr\u00e9ceptes religieux.    <\/p>\n","protected":false},"excerpt":{"rendered":"<p>Des photos d\u2019hommes et de femmes, c\u00f4te \u00e0 c\u00f4te, lors de la pri\u00e8re du cr\u00e9puscule, \u00e0 la faveur d\u2019un Iftar offert par le ministre de la communication \u00e0 certains m\u00e9dias, font le buzz ce jeudi sur la toile. Le spectacle donn\u00e9 suscite la critique des fid\u00e8les pour ce m\u00e9lange de genres et surtout le courroux &hellip;<\/p>\n","protected":false},"author":2,"featured_media":9189,"comment_status":"open","ping_status":"open","sticky":false,"template":"","format":"standard","meta":{"footnotes":""},"categories":[18],"tags":[],"class_list":["post-9188","post","type-post","status-publish","format-standard","has-post-thumbnail","hentry","category-actualites"],"_links":{"self":[{"href":"https:\/\/ladepeche.mr\/index.php?rest_route=\/wp\/v2\/posts\/9188","targetHints":{"allow":["GET"]}}],"collection":[{"href":"https:\/\/ladepeche.mr\/index.php?rest_route=\/wp\/v2\/posts"}],"about":[{"href":"https:\/\/ladepeche.mr\/index.php?rest_route=\/wp\/v2\/types\/post"}],"author":[{"embeddable":true,"href":"https:\/\/ladepeche.mr\/index.php?rest_route=\/wp\/v2\/users\/2"}],"replies":[{"embeddable":true,"href":"https:\/\/ladepeche.mr\/index.php?rest_route=%2Fwp%2Fv2%2Fcomments&post=9188"}],"version-history":[{"count":2,"href":"https:\/\/ladepeche.mr\/index.php?rest_route=\/wp\/v2\/posts\/9188\/revisions"}],"predecessor-version":[{"id":9191,"href":"https:\/\/ladepeche.mr\/index.php?rest_route=\/wp\/v2\/posts\/9188\/revisions\/9191"}],"wp:featuredmedia":[{"embeddable":true,"href":"https:\/\/ladepeche.mr\/index.php?rest_route=\/wp\/v2\/media\/9189"}],"wp:attachment":[{"href":"https:\/\/ladepeche.mr\/index.php?rest_route=%2Fwp%2Fv2%2Fmedia&parent=9188"}],"wp:term":[{"taxonomy":"category","embeddable":true,"href":"https:\/\/ladepeche.mr\/index.php?rest_route=%2Fwp%2Fv2%2Fcategories&post=9188"},{"taxonomy":"post_tag","embeddable":true,"href":"https:\/\/ladepeche.mr\/index.php?rest_route=%2Fwp%2Fv2%2Ftags&post=9188"}],"curies":[{"name":"wp","href":"https:\/\/api.w.org\/{rel}","templated":true}]}}