{"id":9192,"date":"2024-04-04T23:39:54","date_gmt":"2024-04-04T23:39:54","guid":{"rendered":"https:\/\/ladepeche.mr\/?p=9192"},"modified":"2024-04-04T23:40:31","modified_gmt":"2024-04-04T23:40:31","slug":"assainissement-des-finances-gestion-de-la-dette-publiques-lida-accorde-un-pret-concessionnel-de-48-millions-usd-au-gouvernement","status":"publish","type":"post","link":"https:\/\/ladepeche.mr\/?p=9192","title":{"rendered":"Assainissement des Finances et de la dette publiques: L\u2019IDA accorde un pr\u00eat concessionnel de 48 millions Usd au gouvernement"},"content":{"rendered":"<p>L&#8217;Association Internationale de D\u00e9veloppement, du Groupe de la Banque Mondial, a accord\u00e9 jeudi un pr\u00eat concessionnel de 48 millions de dollars \u00e0 notre pays, soit un montant de pr\u00e8s de deux milliards d\u2019ouguiyas, ont officiellement annonc\u00e9 les autorit\u00e9s mauritaniennes.<br \/>\nCe pr\u00eat qui constitue un appui pour am\u00e9liorer la gestion des finances et de la dette publiques a \u00e9t\u00e9 sign\u00e9 \u00e0 Nouakchott par le ministre de l&#8217;Economie et du D\u00e9veloppement durable,  Abdessalam Ould Mohamed Saleh, et la repr\u00e9sentante r\u00e9sidente de la Banque mondiale en Mauritanie, Mme. Christina Isabel Banasco Santos.<br \/>\nDans une allocution prononc\u00e9e pour la circonstance, le responsable mauritanien a remerci\u00e9 la Banque Mondiale pour cet appui qu\u2019il a promis \u00eatre utilis\u00e9 \u00e0 bon escient pour \u00ab adopter un cadre syst\u00e9matique pour am\u00e9liorer la gestion et la transparence de la dette, encourager le respect des recettes fiscales, et mieux g\u00e9rer les risques budg\u00e9taires, y compris ceux li\u00e9s aux catastrophes et aux chocs climatiques \u00bb.<br \/>\nOuld Mohamed Saleh a encore estim\u00e9 que ledit projet \u00ab permettra de renforcer les bases d&#8217;une \u00e9conomie comp\u00e9titive en am\u00e9liorant la dynamique du march\u00e9, en r\u00e9pondant efficacement aux situations d&#8217;urgence et aux catastrophes de mani\u00e8re holistique en respectant l&#8217;\u00e9galit\u00e9 des sexes, en limitant l&#8217;expansion des installations urbaines dans les zones \u00e0 risque, et en am\u00e9liorant la gouvernance et la capacit\u00e9 de r\u00e9sistance aux changements climatiques dans les zones c\u00f4ti\u00e8res \u00bb.<br \/>\nLe ministre mauritanien a, outre, rappel\u00e9 l\u2019int\u00e9r\u00eat et l\u2019engagement que portent les hautes autorit\u00e9s de l\u2019Etat et notamment le pr\u00e9sident Mohamed Ould Cheikh El Ghazouani, \u00ab pour le renforcement de la bonne gouvernance, du d\u00e9veloppement durable, de la promotion du genre, de la r\u00e9duction de la fragilit\u00e9, du soutien \u00e0 la r\u00e9silience et de la lutte contre les effets des changements climatiques \u00bb.<br \/>\nLa signature de ce pr\u00eat vient renforcer, par ailleurs, un important programme \u00e9conomique conjoint entre la Mauritanie et la Banque Mondiale dont les perspectives, \u00e0 moyen terme, sont jug\u00e9es favorables. En sus des pr\u00e9visions d\u2019une croisse de 4.9% en moyenne, pr\u00e9vue pour les ann\u00e9es 2024-2026 et d\u2019une r\u00e9duction drastique de l\u2019inflation, entre 2.5% en 2024 et 2% en 2025 et 2026, les autorit\u00e9s mauritaniennes poursuivent une s\u00e9rie de r\u00e9formes souscrites avec les bailleurs de fonds pour une meilleure r\u00e9silience de l&#8217;\u00e9conomie face aux multiples chocs possibles.<br \/>\nJD<\/p>\n","protected":false},"excerpt":{"rendered":"<p>L&#8217;Association Internationale de D\u00e9veloppement, du Groupe de la Banque Mondial, a accord\u00e9 jeudi un pr\u00eat concessionnel de 48 millions de dollars \u00e0 notre pays, soit un montant de pr\u00e8s de deux milliards d\u2019ouguiyas, ont officiellement annonc\u00e9 les autorit\u00e9s mauritaniennes. Ce pr\u00eat qui constitue un appui pour am\u00e9liorer la gestion des finances et de la dette &hellip;<\/p>\n","protected":false},"author":2,"featured_media":9193,"comment_status":"open","ping_status":"open","sticky":false,"template":"","format":"standard","meta":{"footnotes":""},"categories":[18,2],"tags":[],"class_list":["post-9192","post","type-post","status-publish","format-standard","has-post-thumbnail","hentry","category-actualites","category-economie"],"_links":{"self":[{"href":"https:\/\/ladepeche.mr\/index.php?rest_route=\/wp\/v2\/posts\/9192","targetHints":{"allow":["GET"]}}],"collection":[{"href":"https:\/\/ladepeche.mr\/index.php?rest_route=\/wp\/v2\/posts"}],"about":[{"href":"https:\/\/ladepeche.mr\/index.php?rest_route=\/wp\/v2\/types\/post"}],"author":[{"embeddable":true,"href":"https:\/\/ladepeche.mr\/index.php?rest_route=\/wp\/v2\/users\/2"}],"replies":[{"embeddable":true,"href":"https:\/\/ladepeche.mr\/index.php?rest_route=%2Fwp%2Fv2%2Fcomments&post=9192"}],"version-history":[{"count":2,"href":"https:\/\/ladepeche.mr\/index.php?rest_route=\/wp\/v2\/posts\/9192\/revisions"}],"predecessor-version":[{"id":9195,"href":"https:\/\/ladepeche.mr\/index.php?rest_route=\/wp\/v2\/posts\/9192\/revisions\/9195"}],"wp:featuredmedia":[{"embeddable":true,"href":"https:\/\/ladepeche.mr\/index.php?rest_route=\/wp\/v2\/media\/9193"}],"wp:attachment":[{"href":"https:\/\/ladepeche.mr\/index.php?rest_route=%2Fwp%2Fv2%2Fmedia&parent=9192"}],"wp:term":[{"taxonomy":"category","embeddable":true,"href":"https:\/\/ladepeche.mr\/index.php?rest_route=%2Fwp%2Fv2%2Fcategories&post=9192"},{"taxonomy":"post_tag","embeddable":true,"href":"https:\/\/ladepeche.mr\/index.php?rest_route=%2Fwp%2Fv2%2Ftags&post=9192"}],"curies":[{"name":"wp","href":"https:\/\/api.w.org\/{rel}","templated":true}]}}