{"id":9198,"date":"2024-04-05T00:36:02","date_gmt":"2024-04-05T00:36:02","guid":{"rendered":"https:\/\/ladepeche.mr\/?p=9198"},"modified":"2024-04-05T00:35:58","modified_gmt":"2024-04-05T00:35:58","slug":"60eme-anniversaire-detablissement-des-relations-diplomatiques-entre-la-mauritanie-et-la-russie-les-elus-lancent-un-groupe-damitie-parlementaire","status":"publish","type":"post","link":"https:\/\/ladepeche.mr\/?p=9198","title":{"rendered":"60\u00e8me anniversaire d\u2019\u00e9tablissement des relations diplomatiques entre la Mauritanie et la Russie: Les \u00e9lus lancent un groupe d\u2019amiti\u00e9 parlementaire"},"content":{"rendered":"<p>Pour c\u00e9l\u00e9brer l\u2019av\u00e8nement de 60 ans de relations diplomatiques entre les deux pays, des \u00e9lus mauritaniens ont inaugur\u00e9 la cr\u00e9ation d\u2019un groupe d\u2019amiti\u00e9 entre la Douma russe et l\u2019Assembl\u00e9e nationale mauritanienne.<br \/>\nSelon ses initiateurs, l\u2019initiative viserait \u00e0 \u00ab consolider les relations bilat\u00e9rales entre la Mauritanie et la Russie pour servir les int\u00e9r\u00eats des deux peuples amis, ainsi qu\u2019\u00e0 coordonner entre le parlement mauritanien et la Douma russe sur les questions qui pr\u00e9occupent \u00bb.<br \/>\nL\u2019annonce de la mise en place de ce nouveau cadre de coop\u00e9ration a \u00e9t\u00e9 faite en pr\u00e9sence du ministre de la Culture, de la Jeunesse, des Sports et des Relations avec le Parlement, Ahmed Ould Sid\u2019Ahmed Ould Di\u00e9, des membres du groupe parlementaire et de l\u2019ambassadeur de la F\u00e9d\u00e9ration de Russie en Mauritanie, SEM. Boris Zelko.<br \/>\nLe groupe parlementaire mauritanien est pr\u00e9sid\u00e9 par le d\u00e9put\u00e9 de Nouakchott Nord et secr\u00e9taire f\u00e9d\u00e9ral du parti Insaf, au pouvoir.<\/p>\n","protected":false},"excerpt":{"rendered":"<p>Pour c\u00e9l\u00e9brer l\u2019av\u00e8nement de 60 ans de relations diplomatiques entre les deux pays, des \u00e9lus mauritaniens ont inaugur\u00e9 la cr\u00e9ation d\u2019un groupe d\u2019amiti\u00e9 entre la Douma russe et l\u2019Assembl\u00e9e nationale mauritanienne. Selon ses initiateurs, l\u2019initiative viserait \u00e0 \u00ab consolider les relations bilat\u00e9rales entre la Mauritanie et la Russie pour servir les int\u00e9r\u00eats des deux peuples &hellip;<\/p>\n","protected":false},"author":2,"featured_media":9199,"comment_status":"open","ping_status":"open","sticky":false,"template":"","format":"standard","meta":{"footnotes":""},"categories":[18,29],"tags":[],"class_list":["post-9198","post","type-post","status-publish","format-standard","has-post-thumbnail","hentry","category-actualites","category-monde"],"_links":{"self":[{"href":"https:\/\/ladepeche.mr\/index.php?rest_route=\/wp\/v2\/posts\/9198","targetHints":{"allow":["GET"]}}],"collection":[{"href":"https:\/\/ladepeche.mr\/index.php?rest_route=\/wp\/v2\/posts"}],"about":[{"href":"https:\/\/ladepeche.mr\/index.php?rest_route=\/wp\/v2\/types\/post"}],"author":[{"embeddable":true,"href":"https:\/\/ladepeche.mr\/index.php?rest_route=\/wp\/v2\/users\/2"}],"replies":[{"embeddable":true,"href":"https:\/\/ladepeche.mr\/index.php?rest_route=%2Fwp%2Fv2%2Fcomments&post=9198"}],"version-history":[{"count":1,"href":"https:\/\/ladepeche.mr\/index.php?rest_route=\/wp\/v2\/posts\/9198\/revisions"}],"predecessor-version":[{"id":9200,"href":"https:\/\/ladepeche.mr\/index.php?rest_route=\/wp\/v2\/posts\/9198\/revisions\/9200"}],"wp:featuredmedia":[{"embeddable":true,"href":"https:\/\/ladepeche.mr\/index.php?rest_route=\/wp\/v2\/media\/9199"}],"wp:attachment":[{"href":"https:\/\/ladepeche.mr\/index.php?rest_route=%2Fwp%2Fv2%2Fmedia&parent=9198"}],"wp:term":[{"taxonomy":"category","embeddable":true,"href":"https:\/\/ladepeche.mr\/index.php?rest_route=%2Fwp%2Fv2%2Fcategories&post=9198"},{"taxonomy":"post_tag","embeddable":true,"href":"https:\/\/ladepeche.mr\/index.php?rest_route=%2Fwp%2Fv2%2Ftags&post=9198"}],"curies":[{"name":"wp","href":"https:\/\/api.w.org\/{rel}","templated":true}]}}