{"id":9203,"date":"2024-04-05T21:44:00","date_gmt":"2024-04-05T21:44:00","guid":{"rendered":"https:\/\/ladepeche.mr\/?p=9203"},"modified":"2024-04-06T01:32:40","modified_gmt":"2024-04-06T01:32:40","slug":"immigration-des-clandestins-portes-disparus","status":"publish","type":"post","link":"https:\/\/ladepeche.mr\/?p=9203","title":{"rendered":"Immigration: des clandestins port\u00e9s disparus"},"content":{"rendered":"<p>Plusieurs migrants maliens, embarqu\u00e9s sur une pirogue \u00e0 destination des rivages canaris, seraient port\u00e9s disparus dans les eaux territoriales mauritaniennes, rapportent plusieurs sources concordantes.<\/p>\n<p>Les m\u00eames sources attestent qu\u2019ils seraient morts suite au naufrage de leur embarcation en haute mer.<\/p>\n<p>M\u00eame si le nombre des passagers n\u2019est pas connu avec exactitude, les m\u00eames sources pr\u00e9tendent qu\u2019une embarcation avec \u00e0 son bord quarante candidats \u00e0 l\u2019immigration clandestine resterait introuvable apr\u00e8s plusieurs jours de navigation.<\/p>\n<blockquote class=\"wp-embedded-content\" data-secret=\"5E5OoEn2uB\"><p><a href=\"https:\/\/ladepeche.mr\/?p=8745\">RIM-UE: La Commission europ\u00e9enne lance un nouveau partenariat en mati\u00e8re de migration avec la Mauritanie (communiqu\u00e9 de presse)<\/a><\/p><\/blockquote>\n<p><iframe loading=\"lazy\" class=\"wp-embedded-content\" sandbox=\"allow-scripts\" security=\"restricted\" style=\"position: absolute; clip: rect(1px, 1px, 1px, 1px);\" title=\"\u00ab\u00a0RIM-UE: La Commission europ\u00e9enne lance un nouveau partenariat en mati\u00e8re de migration avec la Mauritanie (communiqu\u00e9 de presse)\u00a0\u00bb &#8212; La D\u00e9p\u00eache  de Mauritanie et du Sahel\" src=\"https:\/\/ladepeche.mr\/?p=8745&#038;embed=true#?secret=xVJU2fkxIY#?secret=5E5OoEn2uB\" data-secret=\"5E5OoEn2uB\" width=\"500\" height=\"282\" frameborder=\"0\" marginwidth=\"0\" marginheight=\"0\" scrolling=\"no\"><\/iframe><br \/>\nLa Mauritanie et l\u2019Union Europ\u00e9enne viennent de sceller un accord de partenariat strat\u00e9gique dot\u00e9 de 210 millions d\u2019euros pour pr\u00e9venir l\u2019immigration clandestine. porter secours aux migrants et renforcer la gestion des flux humains sur les diff\u00e9rentes fronti\u00e8res.<br \/>\nAucun dispositif commun pour concr\u00e9tiser cet accord n\u2019aurait \u00e9t\u00e9 jusqu\u2019\u00e0 pr\u00e9sent mis en \u0153uvre pour des op\u00e9rations conjointes.<\/p>\n","protected":false},"excerpt":{"rendered":"<p>Plusieurs migrants maliens, embarqu\u00e9s sur une pirogue \u00e0 destination des rivages canaris, seraient port\u00e9s disparus dans les eaux territoriales mauritaniennes, rapportent plusieurs sources concordantes. Les m\u00eames sources attestent qu\u2019ils seraient morts suite au naufrage de leur embarcation en haute mer. M\u00eame si le nombre des passagers n\u2019est pas connu avec exactitude, les m\u00eames sources pr\u00e9tendent &hellip;<\/p>\n","protected":false},"author":2,"featured_media":9204,"comment_status":"open","ping_status":"open","sticky":false,"template":"","format":"standard","meta":{"footnotes":""},"categories":[18,29,28],"tags":[],"class_list":["post-9203","post","type-post","status-publish","format-standard","has-post-thumbnail","hentry","category-actualites","category-monde","category-sahel"],"_links":{"self":[{"href":"https:\/\/ladepeche.mr\/index.php?rest_route=\/wp\/v2\/posts\/9203","targetHints":{"allow":["GET"]}}],"collection":[{"href":"https:\/\/ladepeche.mr\/index.php?rest_route=\/wp\/v2\/posts"}],"about":[{"href":"https:\/\/ladepeche.mr\/index.php?rest_route=\/wp\/v2\/types\/post"}],"author":[{"embeddable":true,"href":"https:\/\/ladepeche.mr\/index.php?rest_route=\/wp\/v2\/users\/2"}],"replies":[{"embeddable":true,"href":"https:\/\/ladepeche.mr\/index.php?rest_route=%2Fwp%2Fv2%2Fcomments&post=9203"}],"version-history":[{"count":5,"href":"https:\/\/ladepeche.mr\/index.php?rest_route=\/wp\/v2\/posts\/9203\/revisions"}],"predecessor-version":[{"id":9223,"href":"https:\/\/ladepeche.mr\/index.php?rest_route=\/wp\/v2\/posts\/9203\/revisions\/9223"}],"wp:featuredmedia":[{"embeddable":true,"href":"https:\/\/ladepeche.mr\/index.php?rest_route=\/wp\/v2\/media\/9204"}],"wp:attachment":[{"href":"https:\/\/ladepeche.mr\/index.php?rest_route=%2Fwp%2Fv2%2Fmedia&parent=9203"}],"wp:term":[{"taxonomy":"category","embeddable":true,"href":"https:\/\/ladepeche.mr\/index.php?rest_route=%2Fwp%2Fv2%2Fcategories&post=9203"},{"taxonomy":"post_tag","embeddable":true,"href":"https:\/\/ladepeche.mr\/index.php?rest_route=%2Fwp%2Fv2%2Ftags&post=9203"}],"curies":[{"name":"wp","href":"https:\/\/api.w.org\/{rel}","templated":true}]}}