{"id":9209,"date":"2024-04-05T22:35:54","date_gmt":"2024-04-05T22:35:54","guid":{"rendered":"https:\/\/ladepeche.mr\/?p=9209"},"modified":"2024-04-05T22:51:08","modified_gmt":"2024-04-05T22:51:08","slug":"nouadhibou-lascaf-renouvelle-son-bureau-executif","status":"publish","type":"post","link":"https:\/\/ladepeche.mr\/?p=9209","title":{"rendered":"Nouadhibou: l\u2019Ascaf renouvelle son bureau ex\u00e9cutif"},"content":{"rendered":"<p>L\u2019association Sportive et Culturelle des Anciens Footballeurs de Nouadhibou (ASCAF) a renouvel\u00e9, le 20 mars 2024, son bureau ex\u00e9cutif.<br \/>\nA l\u2019issue de l\u2019Assembl\u00e9e g\u00e9n\u00e9rale, les membres de l\u2019association ont d\u00e9sign\u00e9 un nouveau bureau ex\u00e9cutif consensuel, propos\u00e9 par la commission de d\u00e9signation et adopt\u00e9 \u00e0 l\u2019unanimit\u00e9.<br \/>\nLe bureau suivant a \u00e9t\u00e9 d\u00e9sign\u00e9 pour pr\u00e9sider aux destin\u00e9es de l\u2019association pour un nouveau mandat.<br \/>\n\u27a2 Pr\u00e9sident : MOUHYI DINE AHMEDOU CHEINE<br \/>\n\u27a2 1er vice-pr\u00e9sident : ALIOUNE MAHJOUB<br \/>\n\u27a2 2eme vice-pr\u00e9sident : HASSENA MEKI<\/p>\n<p>Secr\u00e9taire g\u00e9n\u00e9ral : DEDDAHY BREIKA BABA<br \/>\nSecr\u00e9taire g\u00e9n\u00e9ral adjoint : HASSEN SWAYEH<br \/>\nTr\u00e9sorier g\u00e9n\u00e9ral : DAH KHROUF<br \/>\nTr\u00e9sorier g\u00e9n\u00e9ral adjoint : MOCTAR BEIRA<br \/>\nResponsable Relations ext\u00e9rieurs : SWEYLIMA GREIMICH<br \/>\nResponsable Organisation et logistique : Mohamed Saleck Mohamed M\u2019bareik<br \/>\nPorte-parole de l\u2019association : Abbe Soueilim<br \/>\nMembre et conseiller du bureau ex\u00e9cutif : MOHAMED Ramdan,<br \/>\nMembre et conseiller du bureau ex\u00e9cutif : HAIBA SIMOUH<br \/>\nMembre et conseiller du bureau ex\u00e9cutif : JEDNA DEIDA<br \/>\nCommissaire aux comptes : Mohamed Lemine M\u2019berick.<br \/>\nL\u2019Ascaf est, rappelle-t-on, une association investie dans le sport, la culture et le registre social au niveau de la capitale \u00e9conomique.<\/p>\n","protected":false},"excerpt":{"rendered":"<p>L\u2019association Sportive et Culturelle des Anciens Footballeurs de Nouadhibou (ASCAF) a renouvel\u00e9, le 20 mars 2024, son bureau ex\u00e9cutif. A l\u2019issue de l\u2019Assembl\u00e9e g\u00e9n\u00e9rale, les membres de l\u2019association ont d\u00e9sign\u00e9 un nouveau bureau ex\u00e9cutif consensuel, propos\u00e9 par la commission de d\u00e9signation et adopt\u00e9 \u00e0 l\u2019unanimit\u00e9. Le bureau suivant a \u00e9t\u00e9 d\u00e9sign\u00e9 pour pr\u00e9sider aux destin\u00e9es &hellip;<\/p>\n","protected":false},"author":2,"featured_media":9211,"comment_status":"open","ping_status":"open","sticky":false,"template":"","format":"standard","meta":{"footnotes":""},"categories":[18,15],"tags":[],"class_list":["post-9209","post","type-post","status-publish","format-standard","has-post-thumbnail","hentry","category-actualites","category-culture"],"_links":{"self":[{"href":"https:\/\/ladepeche.mr\/index.php?rest_route=\/wp\/v2\/posts\/9209","targetHints":{"allow":["GET"]}}],"collection":[{"href":"https:\/\/ladepeche.mr\/index.php?rest_route=\/wp\/v2\/posts"}],"about":[{"href":"https:\/\/ladepeche.mr\/index.php?rest_route=\/wp\/v2\/types\/post"}],"author":[{"embeddable":true,"href":"https:\/\/ladepeche.mr\/index.php?rest_route=\/wp\/v2\/users\/2"}],"replies":[{"embeddable":true,"href":"https:\/\/ladepeche.mr\/index.php?rest_route=%2Fwp%2Fv2%2Fcomments&post=9209"}],"version-history":[{"count":3,"href":"https:\/\/ladepeche.mr\/index.php?rest_route=\/wp\/v2\/posts\/9209\/revisions"}],"predecessor-version":[{"id":9213,"href":"https:\/\/ladepeche.mr\/index.php?rest_route=\/wp\/v2\/posts\/9209\/revisions\/9213"}],"wp:featuredmedia":[{"embeddable":true,"href":"https:\/\/ladepeche.mr\/index.php?rest_route=\/wp\/v2\/media\/9211"}],"wp:attachment":[{"href":"https:\/\/ladepeche.mr\/index.php?rest_route=%2Fwp%2Fv2%2Fmedia&parent=9209"}],"wp:term":[{"taxonomy":"category","embeddable":true,"href":"https:\/\/ladepeche.mr\/index.php?rest_route=%2Fwp%2Fv2%2Fcategories&post=9209"},{"taxonomy":"post_tag","embeddable":true,"href":"https:\/\/ladepeche.mr\/index.php?rest_route=%2Fwp%2Fv2%2Ftags&post=9209"}],"curies":[{"name":"wp","href":"https:\/\/api.w.org\/{rel}","templated":true}]}}