{"id":9216,"date":"2024-04-06T00:05:44","date_gmt":"2024-04-06T00:05:44","guid":{"rendered":"https:\/\/ladepeche.mr\/?p=9216"},"modified":"2024-04-06T00:05:44","modified_gmt":"2024-04-06T00:05:44","slug":"rim-usa-des-voix-selevent-pour-proner-le-boycott-des-activites-de-lambassade-americaine","status":"publish","type":"post","link":"https:\/\/ladepeche.mr\/?p=9216","title":{"rendered":"Rim-Usa: des voix s\u2019\u00e9l\u00e8vent pour pr\u00f4ner le boycott des activit\u00e9s de l\u2019ambassade am\u00e9ricaine"},"content":{"rendered":"<p>Plusieurs personnalit\u00e9s et acteurs de la soci\u00e9t\u00e9 civile mauritanienne ont appel\u00e9 au boycott des activit\u00e9s de l\u2019ambassade am\u00e9ricaine \u00e0 Nouakchott en r\u00e9action \u00e0 l\u2019attitude du gouvernement am\u00e9ricain favorable \u00e0 Isra\u00ebl dans le g\u00e9nocide qu\u2019il perp\u00e8tre impun\u00e9ment \u00e0 Gaza, en Palestine occup\u00e9e.<br \/>\nJournalistes, fonctionnaires et responsables d\u2019Ongs ont demand\u00e9 de suivre l\u2019exemple les organisations musulmanes qui ont d\u00e9clin\u00e9 l\u2019invitation du gouvernement Am\u00e9ricain \u00e0 rompre le je\u00fbne avec La Maison Blanche pendant que celle-ci apporte un soutien important \u00e0 l\u2019Etat sioniste d\u2019Israel qui massacre et affame de milliers d\u2019enfants et de civils palestiniens.<br \/>\nMalgr\u00e9 la r\u00e9solution du conseil de s\u00e9curit\u00e9 enjoignant \u00e0 Isra\u00ebl un cessez-le-feu humanitaire imm\u00e9diat et contre laquelle les USA n\u2019ont oppos\u00e9, cette fois, leur veto, Isra\u00ebl continue inlassablement son g\u00e9nocide \u00e0 Gaza.<br \/>\nL\u2019ire report\u00e9e par les opinions publiques dans le monde contre le gouvernement am\u00e9ricain est indissociable de son soutien immoral aux massacres de pr\u00e8s de 36.000 personnes parmi les populations civiles dont une majorit\u00e9 d\u2019enfants.<\/p>\n","protected":false},"excerpt":{"rendered":"<p>Plusieurs personnalit\u00e9s et acteurs de la soci\u00e9t\u00e9 civile mauritanienne ont appel\u00e9 au boycott des activit\u00e9s de l\u2019ambassade am\u00e9ricaine \u00e0 Nouakchott en r\u00e9action \u00e0 l\u2019attitude du gouvernement am\u00e9ricain favorable \u00e0 Isra\u00ebl dans le g\u00e9nocide qu\u2019il perp\u00e8tre impun\u00e9ment \u00e0 Gaza, en Palestine occup\u00e9e. Journalistes, fonctionnaires et responsables d\u2019Ongs ont demand\u00e9 de suivre l\u2019exemple les organisations musulmanes qui &hellip;<\/p>\n","protected":false},"author":2,"featured_media":9217,"comment_status":"open","ping_status":"open","sticky":false,"template":"","format":"standard","meta":{"footnotes":""},"categories":[18,29],"tags":[],"class_list":["post-9216","post","type-post","status-publish","format-standard","has-post-thumbnail","hentry","category-actualites","category-monde"],"_links":{"self":[{"href":"https:\/\/ladepeche.mr\/index.php?rest_route=\/wp\/v2\/posts\/9216","targetHints":{"allow":["GET"]}}],"collection":[{"href":"https:\/\/ladepeche.mr\/index.php?rest_route=\/wp\/v2\/posts"}],"about":[{"href":"https:\/\/ladepeche.mr\/index.php?rest_route=\/wp\/v2\/types\/post"}],"author":[{"embeddable":true,"href":"https:\/\/ladepeche.mr\/index.php?rest_route=\/wp\/v2\/users\/2"}],"replies":[{"embeddable":true,"href":"https:\/\/ladepeche.mr\/index.php?rest_route=%2Fwp%2Fv2%2Fcomments&post=9216"}],"version-history":[{"count":1,"href":"https:\/\/ladepeche.mr\/index.php?rest_route=\/wp\/v2\/posts\/9216\/revisions"}],"predecessor-version":[{"id":9218,"href":"https:\/\/ladepeche.mr\/index.php?rest_route=\/wp\/v2\/posts\/9216\/revisions\/9218"}],"wp:featuredmedia":[{"embeddable":true,"href":"https:\/\/ladepeche.mr\/index.php?rest_route=\/wp\/v2\/media\/9217"}],"wp:attachment":[{"href":"https:\/\/ladepeche.mr\/index.php?rest_route=%2Fwp%2Fv2%2Fmedia&parent=9216"}],"wp:term":[{"taxonomy":"category","embeddable":true,"href":"https:\/\/ladepeche.mr\/index.php?rest_route=%2Fwp%2Fv2%2Fcategories&post=9216"},{"taxonomy":"post_tag","embeddable":true,"href":"https:\/\/ladepeche.mr\/index.php?rest_route=%2Fwp%2Fv2%2Ftags&post=9216"}],"curies":[{"name":"wp","href":"https:\/\/api.w.org\/{rel}","templated":true}]}}