{"id":9258,"date":"2024-04-08T22:58:15","date_gmt":"2024-04-08T22:58:15","guid":{"rendered":"https:\/\/ladepeche.mr\/?p=9258"},"modified":"2024-04-08T22:58:15","modified_gmt":"2024-04-08T22:58:15","slug":"egypte-france-jordanie-pour-un-cessez-le-feu-immediat-a-gaza-traduit-de-langlais","status":"publish","type":"post","link":"https:\/\/ladepeche.mr\/?p=9258","title":{"rendered":"\u00c9gypte, France, Jordanie : pour un cessez-le-feu imm\u00e9diat \u00e0 Gaza (traduit de l&#8217;anglais)"},"content":{"rendered":"<p>La guerre \u00e0 Gaza et les souffrances humaines catastrophiques qu\u2019elle entra\u00eene doivent cesser imm\u00e9diatement. Aucune paix au Moyen-Orient ne pourra proc\u00e9der du terrorisme, de la violence ou de la guerre. Elle r\u00e9sultera de la solution des deux \u00c9tats. C\u2019est la seule option cr\u00e9dible pour garantir paix et s\u00e9curit\u00e9 pour tous et faire en sorte que ni les Isra\u00e9liens ni les Palestiniens n\u2019aient \u00e0 revivre les horreurs qui les ont frapp\u00e9s depuis les attentats du 7 octobre.<\/p>\n<p>Il y a plus de dix jours, le Conseil de s\u00e9curit\u00e9 des Nations Unies a finalement assum\u00e9 ses responsabilit\u00e9s en exigeant un cessez-le-feu imm\u00e9diat \u00e0 Gaza. Il s\u2019agissait d\u2019une \u00e9tape cruciale, qui doit \u00eatre mise en \u0153uvre sans plus attendre.<\/p>\n<p>Face au nombre intol\u00e9rable de victimes, nous, chefs d\u2019\u00c9tat de l\u2019\u00c9gypte, de la France et de la Jordanie, demandons une mise en \u0153uvre imm\u00e9diate et inconditionnelle de la r\u00e9solution 2728 du Conseil de s\u00e9curit\u00e9 des Nations Unies.\u00a0 Nous soulignons la n\u00e9cessit\u00e9 urgente d\u2019instaurer \u00e0 Gaza un cessez-le-feu permanent.<\/p>\n<p>Nous insistons sur l\u2019urgente n\u00e9cessit\u00e9 de mettre en \u0153uvre l\u2019appel du Conseil de s\u00e9curit\u00e9 pour la lib\u00e9ration imm\u00e9diate de tous les otages et r\u00e9affirmons notre soutien aux n\u00e9gociations men\u00e9es avec la m\u00e9diation de l\u2019\u00c9gypte, des \u00c9tats-Unis d\u2019Am\u00e9rique et du Qatar portant sur le cessez-le-feu, les otages et les prisonniers.<\/p>\n<p>Exhortant toutes les parties \u00e0 respecter toutes les r\u00e9solutions pertinentes du Conseil de s\u00e9curit\u00e9 des Nations Unies, nous mettons en garde contre les cons\u00e9quences dangereuses d\u2019une offensive isra\u00e9lienne \u00e0 Rafah, o\u00f9 plus de 1,5\u00a0million de civils palestiniens ont trouv\u00e9 refuge. Une telle offensive ne fera qu\u2019accro\u00eetre les pertes humaines et les souffrances, aggraver le risque et les cons\u00e9quences d\u2019un d\u00e9placement forc\u00e9 massif de la population de Gaza et entra\u00eener une menace d\u2019escalade dans la r\u00e9gion.<\/p>\n<p>Nous r\u00e9affirmons notre \u00e9gal respect de toutes les vies. Nous condamnons toutes les violations du droit international humanitaire, notamment tous les actes de violence et de terrorisme et les attaques indiscrimin\u00e9es contre les civils. La protection des civils est une obligation juridique fondamentale qui incombe \u00e0 toutes les parties et constitue la pierre angulaire du droit international humanitaire.\u00a0 Il est absolument interdit d\u2019y contrevenir.<\/p>\n<p>Les Palestiniens de Gaza ne sont plus seulement expos\u00e9s \u00e0 un risque de famine\u00a0; celle-ci s\u2019installe d\u00e9j\u00e0. Une augmentation massive de la fourniture et de la distribution de l\u2019aide humanitaire est n\u00e9cessaire de toute urgence. Cette demande est au c\u0153ur des r\u00e9solutions 2720 et 2728 du Conseil de s\u00e9curit\u00e9 des Nations Unies, qui insistent sur la n\u00e9cessit\u00e9 urgente d\u2019augmenter l\u2019acheminement de l\u2019aide humanitaire.<\/p>\n<p>Les institutions des Nations Unies, notamment l\u2019UNRWA, et les acteurs humanitaires jouent un r\u00f4le essentiel dans les op\u00e9rations humanitaires \u00e0 Gaza. Ils doivent b\u00e9n\u00e9ficier d\u2019un acc\u00e8s total et s\u00fbr, y compris \u00e0 la partie nord de la bande de Gaza. Nous condamnons les attaques ayant conduit \u00e0 la mort de travailleurs humanitaires, et tout r\u00e9cemment l\u2019attaque contre un convoi d\u2019aide de l\u2019ONG World Central Kitchen.<\/p>\n<p>Conform\u00e9ment au droit international, Isra\u00ebl a l\u2019obligation de permettre l\u2019acheminement de l\u2019aide humanitaire \u00e0 la population palestinienne, mais il ne s\u2019est pas acquitt\u00e9 de cette responsabilit\u00e9. Nous r\u00e9affirmons la demande du Conseil de s\u00e9curit\u00e9 que toutes les entraves \u00e0 la fourniture d\u2019une aide humanitaire soient lev\u00e9es et qu\u2019Isra\u00ebl facilite l\u2019utilisation de tous les points de passage pour l\u2019acheminement de l\u2019aide humanitaire, y compris dans le Nord de la Bande de Gaza et par un couloir terrestre direct avec la Jordanie, ainsi que par la mer.<\/p>\n<p>Nous, chefs d\u2019\u00c9tat de l\u2019\u00c9gypte, de la France et de la Jordanie, sommes d\u00e9termin\u00e9s \u00e0 intensifier nos efforts pour r\u00e9pondre aux besoins humanitaires, m\u00e9dicaux et sanitaires de la population civile de Gaza, en \u00e9troite coordination avec le syst\u00e8me des Nations Unies et avec nos partenaires r\u00e9gionaux.<\/p>\n<p>Enfin, nous soulignons \u00e0 quel point il est urgent de faire rena\u00eetre un espoir de paix et de s\u00e9curit\u00e9 pour tous dans la r\u00e9gion, en premier lieu pour les peuples palestinien et isra\u00e9lien. Nous soulignons notre d\u00e9termination \u00e0 continuer de travailler ensemble pour \u00e9viter de nouvelles violences dans la r\u00e9gion et nous appelons tous les acteurs \u00e0 s\u2019abstenir de toute attitude escalatoire. Nous demandons instamment qu\u2019il soit mis fin \u00e0 toutes les mesures unilat\u00e9rales, notamment les activit\u00e9s de colonisation et la confiscation de terres. Nous exhortons \u00e9galement Isra\u00ebl \u00e0 emp\u00eacher la violence des colons.<\/p>\n<p>Nous soulignons la n\u00e9cessit\u00e9 de respecter le statu quo historique et juridique des lieux saints musulmans et chr\u00e9tiens de J\u00e9rusalem et le r\u00f4le du waqf jordanien sous la tutelle hach\u00e9mite.<\/p>\n<p>Nous affirmons notre d\u00e9termination \u00e0 intensifier nos efforts conjoints pour faire aboutir effectivement la solution des deux \u00c9tats. L\u2019\u00e9tablissement d\u2019un \u00c9tat palestinien ind\u00e9pendant et souverain sur la base de la solution des deux \u00c9tats, conform\u00e9ment au droit international et aux r\u00e9solutions pertinentes du Conseil de s\u00e9curit\u00e9 des Nations Unies, vivant c\u00f4te \u00e0 c\u00f4te avec Isra\u00ebl dans la paix et la s\u00e9curit\u00e9, est la seule mani\u00e8re de r\u00e9aliser une paix durable. Le Conseil de s\u00e9curit\u00e9 des Nations Unies a un r\u00f4le \u00e0 jouer dans la r\u00e9ouverture d\u00e9cisive de ces perspectives de paix.<\/p>\n<p>&nbsp;<\/p>\n<p>Emmanuel Macron, Pr\u00e9sident de la R\u00e9publique fran\u00e7aise<\/p>\n<p>Roi Abdallah II du Royaume hach\u00e9mite de Jordanie<\/p>\n<p>Abdel Fattah Al Sissi, Pr\u00e9sident de la R\u00e9publique arabe d\u2019\u00c9gypte<\/p>\n","protected":false},"excerpt":{"rendered":"<p>La guerre \u00e0 Gaza et les souffrances humaines catastrophiques qu\u2019elle entra\u00eene doivent cesser imm\u00e9diatement. Aucune paix au Moyen-Orient ne pourra proc\u00e9der du terrorisme, de la violence ou de la guerre. Elle r\u00e9sultera de la solution des deux \u00c9tats. C\u2019est la seule option cr\u00e9dible pour garantir paix et s\u00e9curit\u00e9 pour tous et faire en sorte que &hellip;<\/p>\n","protected":false},"author":2,"featured_media":0,"comment_status":"open","ping_status":"open","sticky":false,"template":"","format":"standard","meta":{"footnotes":""},"categories":[18,29,19],"tags":[],"class_list":["post-9258","post","type-post","status-publish","format-standard","hentry","category-actualites","category-monde","category-tribune"],"_links":{"self":[{"href":"https:\/\/ladepeche.mr\/index.php?rest_route=\/wp\/v2\/posts\/9258","targetHints":{"allow":["GET"]}}],"collection":[{"href":"https:\/\/ladepeche.mr\/index.php?rest_route=\/wp\/v2\/posts"}],"about":[{"href":"https:\/\/ladepeche.mr\/index.php?rest_route=\/wp\/v2\/types\/post"}],"author":[{"embeddable":true,"href":"https:\/\/ladepeche.mr\/index.php?rest_route=\/wp\/v2\/users\/2"}],"replies":[{"embeddable":true,"href":"https:\/\/ladepeche.mr\/index.php?rest_route=%2Fwp%2Fv2%2Fcomments&post=9258"}],"version-history":[{"count":1,"href":"https:\/\/ladepeche.mr\/index.php?rest_route=\/wp\/v2\/posts\/9258\/revisions"}],"predecessor-version":[{"id":9259,"href":"https:\/\/ladepeche.mr\/index.php?rest_route=\/wp\/v2\/posts\/9258\/revisions\/9259"}],"wp:attachment":[{"href":"https:\/\/ladepeche.mr\/index.php?rest_route=%2Fwp%2Fv2%2Fmedia&parent=9258"}],"wp:term":[{"taxonomy":"category","embeddable":true,"href":"https:\/\/ladepeche.mr\/index.php?rest_route=%2Fwp%2Fv2%2Fcategories&post=9258"},{"taxonomy":"post_tag","embeddable":true,"href":"https:\/\/ladepeche.mr\/index.php?rest_route=%2Fwp%2Fv2%2Ftags&post=9258"}],"curies":[{"name":"wp","href":"https:\/\/api.w.org\/{rel}","templated":true}]}}