{"id":9260,"date":"2024-04-09T01:35:59","date_gmt":"2024-04-09T01:35:59","guid":{"rendered":"https:\/\/ladepeche.mr\/?p=9260"},"modified":"2024-04-09T01:35:59","modified_gmt":"2024-04-09T01:35:59","slug":"trois-civils-blesses-apres-une-incursion-de-larmee-malienne-et-de-wagner-en-mauritanie","status":"publish","type":"post","link":"https:\/\/ladepeche.mr\/?p=9260","title":{"rendered":"Trois civils bless\u00e9s apr\u00e8s une incursion de l&#8217;arm\u00e9e malienne et de Wagner en Mauritanie"},"content":{"rendered":"<p>Des soldats de l&#8217;arm\u00e9e malienne et des mercenaires russes du groupe Wagner sont entr\u00e9s, dimanche 7 avril, sur le territoire mauritanien. L\u2019incursion a \u00e9t\u00e9 r\u00e9alis\u00e9e dans le cadre d&#8217;une op\u00e9ration antiterroriste au sujet de laquelle ni Bamako ni Nouakchott n&#8217;ont communiqu\u00e9 officiellement mais au cours de laquelle, selon les informations de RFI, trois civils ont \u00e9t\u00e9 bless\u00e9s par balles. Cela s&#8217;est pass\u00e9 dans le village de Madallah, pr\u00e8s de Fassala, Wilaya du Hodh El Chargui, dans le sud-est de la Mauritanie.<\/p>\n<p>Source RFI<\/p>\n","protected":false},"excerpt":{"rendered":"<p>Des soldats de l&#8217;arm\u00e9e malienne et des mercenaires russes du groupe Wagner sont entr\u00e9s, dimanche 7 avril, sur le territoire mauritanien. L\u2019incursion a \u00e9t\u00e9 r\u00e9alis\u00e9e dans le cadre d&#8217;une op\u00e9ration antiterroriste au sujet de laquelle ni Bamako ni Nouakchott n&#8217;ont communiqu\u00e9 officiellement mais au cours de laquelle, selon les informations de RFI, trois civils ont &hellip;<\/p>\n","protected":false},"author":2,"featured_media":0,"comment_status":"open","ping_status":"open","sticky":false,"template":"","format":"standard","meta":{"footnotes":""},"categories":[18,29],"tags":[],"class_list":["post-9260","post","type-post","status-publish","format-standard","hentry","category-actualites","category-monde"],"_links":{"self":[{"href":"https:\/\/ladepeche.mr\/index.php?rest_route=\/wp\/v2\/posts\/9260","targetHints":{"allow":["GET"]}}],"collection":[{"href":"https:\/\/ladepeche.mr\/index.php?rest_route=\/wp\/v2\/posts"}],"about":[{"href":"https:\/\/ladepeche.mr\/index.php?rest_route=\/wp\/v2\/types\/post"}],"author":[{"embeddable":true,"href":"https:\/\/ladepeche.mr\/index.php?rest_route=\/wp\/v2\/users\/2"}],"replies":[{"embeddable":true,"href":"https:\/\/ladepeche.mr\/index.php?rest_route=%2Fwp%2Fv2%2Fcomments&post=9260"}],"version-history":[{"count":1,"href":"https:\/\/ladepeche.mr\/index.php?rest_route=\/wp\/v2\/posts\/9260\/revisions"}],"predecessor-version":[{"id":9261,"href":"https:\/\/ladepeche.mr\/index.php?rest_route=\/wp\/v2\/posts\/9260\/revisions\/9261"}],"wp:attachment":[{"href":"https:\/\/ladepeche.mr\/index.php?rest_route=%2Fwp%2Fv2%2Fmedia&parent=9260"}],"wp:term":[{"taxonomy":"category","embeddable":true,"href":"https:\/\/ladepeche.mr\/index.php?rest_route=%2Fwp%2Fv2%2Fcategories&post=9260"},{"taxonomy":"post_tag","embeddable":true,"href":"https:\/\/ladepeche.mr\/index.php?rest_route=%2Fwp%2Fv2%2Ftags&post=9260"}],"curies":[{"name":"wp","href":"https:\/\/api.w.org\/{rel}","templated":true}]}}