{"id":9262,"date":"2024-04-09T21:04:06","date_gmt":"2024-04-09T21:04:06","guid":{"rendered":"https:\/\/ladepeche.mr\/?p=9262"},"modified":"2024-04-09T21:04:06","modified_gmt":"2024-04-09T21:04:06","slug":"communique-du-conseil-des-ministres-du-mardi-9-avril-2024","status":"publish","type":"post","link":"https:\/\/ladepeche.mr\/?p=9262","title":{"rendered":"Communiqu\u00e9 du Conseil des Ministres du mardi 9 avril 2024"},"content":{"rendered":"<p>Le Conseil des ministres s\u2019est r\u00e9uni, mardi 9 avril 2024, sous la pr\u00e9sidence de Son Excellence Monsieur Mohamed Ould El Cheikh Ghazouani, Pr\u00e9sident de la R\u00e9publique.<\/p>\n<p>Le Conseil a \u00e9tudi\u00e9 et approuv\u00e9 les projets de loi suivants :<\/p>\n<p>\u2013 Un projet de loi permettant la ratification de l\u2019accord de pr\u00eat sign\u00e9 le 1er mars 2024 entre la R\u00e9publique Islamique de Mauritanie et l\u2019Association Internationale de D\u00e9veloppement (IDA), visant \u00e0 financer la politique de d\u00e9veloppement de la gestion fiscale et de la r\u00e9silience.<\/p>\n<p>L\u2019appui budg\u00e9taire actuel au financement de la politique de d\u00e9veloppement de la gestion fiscale et de la r\u00e9silience s\u2019inscrit dans la strat\u00e9gie de croissance acc\u00e9l\u00e9r\u00e9e et de bien-\u00eatre partag\u00e9, en particulier, dans son pilier de promotion d\u2019une croissance forte, inclusive et durable, qui souligne la n\u00e9cessit\u00e9 pour le d\u00e9veloppement du pays de s\u2019appuyer sur un secteur priv\u00e9 plus diversifi\u00e9 et dynamique, une infrastructure num\u00e9rique efficace et accessible, une \u00e9conomie r\u00e9siliente au changement climatique, une \u00e9ducation de qualit\u00e9 et des comp\u00e9tences adapt\u00e9es au march\u00e9.<\/p>\n<p>\u2013 Un projet de loi permettant la ratification de l\u2019accord de pr\u00eat sign\u00e9 le 22 f\u00e9vrier 2024 entre la R\u00e9publique Islamique de Mauritanie et l\u2019Association Internationale de D\u00e9veloppement (IDA) d\u00e9di\u00e9 au financement du Projet d\u2019am\u00e9nagement et de r\u00e9silience du bassin du fleuve S\u00e9n\u00e9gal.<\/p>\n<p>Le projet de loi vise \u00e0 am\u00e9liorer l\u2019acc\u00e8s \u00e0 des infrastructures et \u00e0 des services int\u00e9gr\u00e9s r\u00e9silients au changement climatique et inclusifs au niveau r\u00e9gional, dans les zones frontali\u00e8res cibl\u00e9es du bassin du fleuve S\u00e9n\u00e9gal, avec des zones d\u2019intervention dans le cadre du partenariat visant \u00e0 promouvoir la transformation \u00e9conomique afin de parvenir \u00e0 une croissance diversifi\u00e9e et r\u00e9siliente. Pour rappel, ce cadre vise \u00e0 atteindre les objectifs suivants :<\/p>\n<p>\u2013 Augmenter la valeur de la production dans le secteur de la p\u00eache,<\/p>\n<p>\u2013 Augmenter la production agricole et animale sous les conditions du changement climatique,<\/p>\n<p>\u2013 Promouvoir le d\u00e9veloppement des villes productives et des zones voisines dans le cadre de la d\u00e9centralisation<\/p>\n<p>\u2013 Renforcer le capital humain pour assurer une croissance inclusive,<\/p>\n<p>\u2013 Un projet de loi permettant la ratification de l\u2019accord de pr\u00eat sign\u00e9 le 21 f\u00e9vrier 2024 entre la R\u00e9publique islamique de Mauritanie et l\u2019Agence Fran\u00e7aise de D\u00e9veloppement, destin\u00e9 au financement du projet int\u00e9gr\u00e9 pour la mise en bouteille des eaux de surface.<\/p>\n<p>Le projet actuel vise \u00e0 construire 36 barrages pour r\u00e9server l\u2019eau courante et d\u00e9velopper la mise en \u0153uvre d\u2019activit\u00e9s agricoles et pastorales autour de ces barrages, ce qui b\u00e9n\u00e9ficiera \u00e0 environ 106.000 personnes, contribuant \u00e0 atteindre la s\u00e9curit\u00e9 alimentaire, et fournissant, \u00e9galement, un appui structurel pour renforcer les capacit\u00e9s du minist\u00e8re de l\u2019Hydraulique, de l\u2019Assainissement et de la Gouvernance sectorielle.<\/p>\n<p>La mise en \u0153uvre de ce projet int\u00e9gr\u00e9 de mise en bouteille des eaux de surface contribuera, \u00e9galement, \u00e0 l\u2019atteinte des objectifs fix\u00e9s dans la Strat\u00e9gie nationale pour un acc\u00e8s durable aux eaux us\u00e9es \u00e0 l\u2019horizon 2030. Cette strat\u00e9gie a \u00e9t\u00e9 \u00e9labor\u00e9e sur la base des politiques et strat\u00e9gies sectorielles en vigueur et des orientations strat\u00e9giques de d\u00e9veloppement du pays identifi\u00e9es dans la Strat\u00e9gie pour une croissance acc\u00e9l\u00e9r\u00e9e et un bien-\u00eatre partag\u00e9 \u00e0 l\u2019horizon 2030.<\/p>\n<p>\u2013 Un projet de loi permettant la ratification de l\u2019amendement \u00e0 la convention de financement sign\u00e9 \u00e0 Rome le 15 f\u00e9vrier 2024 relatif au cofinancement du projet de gestion durable des ressources naturelles, des \u00e9quipements municipaux et de l\u2019organisation des producteurs ruraux sign\u00e9 le 23 juin 2020 \u00e0 Rome entre la R\u00e9publique islamique de Mauritanie et le Fonds International de D\u00e9veloppement Agricole.<\/p>\n<p>Le projet vise la gestion durable des ressources naturelles, des \u00e9quipements municipaux et l\u2019organisation des producteurs ruraux, ce qui permettra d\u2019am\u00e9liorer les conditions de vie des populations vuln\u00e9rables, des femmes et des petits producteurs, en intensifiant les activit\u00e9s agro-pastorales, en am\u00e9liorant le niveau d\u2019activit\u00e9 agricole et d\u2019\u00e9levage, la production, la productivit\u00e9 et l\u2019emploi dans les zones rurales. Ce projet couvre : le Hodh Chargui, le Hodh El Ghargi, l\u2019Assaba, le Brakna, le Gorgol et le Guidimakha.<\/p>\n<p>Le projet vise \u00e0 permettre aux ruraux pauvres d\u2019avoir un acc\u00e8s durable aux ressources naturelles et aux \u00e9quipements collectifs, permettant :<\/p>\n<p>\u2013 150.000 personnes de la population rurale vont b\u00e9n\u00e9ficier de la mobilit\u00e9 \u00e9conomique,<\/p>\n<p>\u2013 La r\u00e9novation de 50% des surfaces r\u00e9cup\u00e9r\u00e9es,<\/p>\n<p>\u2013 La valorisation de 60% des surfaces r\u00e9cup\u00e9r\u00e9es,<\/p>\n<p>\u2013 L\u2019augmentation de la production de 30% des m\u00e9nages,<\/p>\n<p>\u2013 L\u2019am\u00e9lioration \u00e0 90 % de l\u2019efficacit\u00e9 de l\u2019infrastructure d\u2019int\u00e9r\u00eat public.<\/p>\n<p>Le ministre des Affaires \u00e9trang\u00e8res, de la Coop\u00e9ration et des Mauritaniens de l\u2019Ext\u00e9rieur a pr\u00e9sent\u00e9 une communication sur la situation internationale ;<\/p>\n<p>Le ministre de l\u2019Int\u00e9rieur et de la D\u00e9centralisation a pr\u00e9sent\u00e9 une communication sur la situation int\u00e9rieure ;<\/p>\n<p>Le ministre de l\u2019Economie et du D\u00e9veloppement Durable a pr\u00e9sent\u00e9 une communication sur le programme sp\u00e9cial de soutien \u00e0 la r\u00e9silience des groupes ruraux dans la Wilaya du Hodh Chargui 2024.<\/p>\n<p>Ce programme cible les groupes ruraux de la Wilaya du Hodh Chargui, en particulier, les populations de la bande frontali\u00e8re, ainsi que les groupes des zones qui ont connu un d\u00e9ficit pluviom\u00e9trique au cours de l\u2019hivernage dernier. Le programme vise, \u00e9galement, \u00e0 aider les groupes en soutenant les moyens de production agropastoraux, tout en renfor\u00e7ant les infrastructures sociales, en particulier, les infrastructures scolaires et sanitaires, qui font face \u00e0 une demande croissante due \u00e0 l\u2019afflux de r\u00e9fugi\u00e9s.<\/p>\n<p>Le co\u00fbt de ce programme s\u2019\u00e9l\u00e8ve \u00e0 1 milliard MRU pour une p\u00e9riode de six mois, contribuant \u00e0 \u00e9lever les indicateurs de d\u00e9veloppement humain dans la Wilaya et r\u00e9duisant l\u2019\u00e9cart dans ce domaine par rapport \u00e0 la moyenne nationale.<\/p>\n<p>Le taux de mise en \u0153uvre de ce programme est actuellement de 28,15%.<\/p>\n<p>Le ministre a pr\u00e9sent\u00e9 au secr\u00e9taire g\u00e9n\u00e9ral du gouvernement un \u00e9tat d\u2019avancement des grands projets pour le mois de mars 2024.<\/p>\n<p>Cette communication informe le gouvernement de l\u2019\u00e9tat d\u2019avancement des projets \u00e0 la fin du mois de mars, dont les r\u00e9sultats refl\u00e8tent l\u2019efficacit\u00e9 des mesures prises pour lever les obstacles qui ont entrav\u00e9 la mise en \u0153uvre des projets et promouvoir une meilleure performance.<\/p>\n<p>En effet, le portefeuille, au cours du mois de mars, \u00e9tait de 123 projets au lieu de 115 en f\u00e9vrier, apr\u00e8s l\u2019ajout de huit (8) nouveaux projets, ce qui a entra\u00een\u00e9, d\u2019une part, une augmentation du nombre de projets retard\u00e9s de 12 en f\u00e9vrier \u00e0 17 en mars, et une augmentation du nombre de projets termin\u00e9s, de 20 en f\u00e9vrier \u00e0 23 en mars, d\u2019autre part.<br \/>\nAmi<\/p>\n","protected":false},"excerpt":{"rendered":"<p>Le Conseil des ministres s\u2019est r\u00e9uni, mardi 9 avril 2024, sous la pr\u00e9sidence de Son Excellence Monsieur Mohamed Ould El Cheikh Ghazouani, Pr\u00e9sident de la R\u00e9publique. Le Conseil a \u00e9tudi\u00e9 et approuv\u00e9 les projets de loi suivants : \u2013 Un projet de loi permettant la ratification de l\u2019accord de pr\u00eat sign\u00e9 le 1er mars 2024 &hellip;<\/p>\n","protected":false},"author":2,"featured_media":0,"comment_status":"open","ping_status":"open","sticky":false,"template":"","format":"standard","meta":{"footnotes":""},"categories":[18],"tags":[],"class_list":["post-9262","post","type-post","status-publish","format-standard","hentry","category-actualites"],"_links":{"self":[{"href":"https:\/\/ladepeche.mr\/index.php?rest_route=\/wp\/v2\/posts\/9262","targetHints":{"allow":["GET"]}}],"collection":[{"href":"https:\/\/ladepeche.mr\/index.php?rest_route=\/wp\/v2\/posts"}],"about":[{"href":"https:\/\/ladepeche.mr\/index.php?rest_route=\/wp\/v2\/types\/post"}],"author":[{"embeddable":true,"href":"https:\/\/ladepeche.mr\/index.php?rest_route=\/wp\/v2\/users\/2"}],"replies":[{"embeddable":true,"href":"https:\/\/ladepeche.mr\/index.php?rest_route=%2Fwp%2Fv2%2Fcomments&post=9262"}],"version-history":[{"count":1,"href":"https:\/\/ladepeche.mr\/index.php?rest_route=\/wp\/v2\/posts\/9262\/revisions"}],"predecessor-version":[{"id":9263,"href":"https:\/\/ladepeche.mr\/index.php?rest_route=\/wp\/v2\/posts\/9262\/revisions\/9263"}],"wp:attachment":[{"href":"https:\/\/ladepeche.mr\/index.php?rest_route=%2Fwp%2Fv2%2Fmedia&parent=9262"}],"wp:term":[{"taxonomy":"category","embeddable":true,"href":"https:\/\/ladepeche.mr\/index.php?rest_route=%2Fwp%2Fv2%2Fcategories&post=9262"},{"taxonomy":"post_tag","embeddable":true,"href":"https:\/\/ladepeche.mr\/index.php?rest_route=%2Fwp%2Fv2%2Ftags&post=9262"}],"curies":[{"name":"wp","href":"https:\/\/api.w.org\/{rel}","templated":true}]}}