{"id":9264,"date":"2024-04-09T21:07:35","date_gmt":"2024-04-09T21:07:35","guid":{"rendered":"https:\/\/ladepeche.mr\/?p=9264"},"modified":"2024-04-09T21:07:35","modified_gmt":"2024-04-09T21:07:35","slug":"un-decret-presidentiel-reduisant-la-peine-privative-de-liberte-au-profit-de-110-detenus","status":"publish","type":"post","link":"https:\/\/ladepeche.mr\/?p=9264","title":{"rendered":"Un d\u00e9cret pr\u00e9sidentiel r\u00e9duisant la peine privative de libert\u00e9 au profit de 110 d\u00e9tenus"},"content":{"rendered":"<p>La Pr\u00e9sidence de la R\u00e9publique a publi\u00e9, mardi, un d\u00e9cret r\u00e9duisant d\u2019un an la p\u00e9riode d\u2019emprisonnement de la peine privative de libert\u00e9 pour tout condamn\u00e9 dont la condamnation a acquis l\u2019autorit\u00e9 de la chose jug\u00e9e avant le 11 mars 2024, \u00e0 l\u2019occasion d\u2019Id El Fitr.<\/p>\n<p>Cette mesure permettra de mettre fin \u00e0 l\u2019emprisonnement de 110 d\u00e9tenus et d\u2019avancer d\u2019un an la lib\u00e9ration d\u2019autres.<\/p>\n<p>Le d\u00e9cret ainsi libell\u00e9:<\/p>\n<p>\u2018\u2019La Pr\u00e9sidence de la R\u00e9publique annonce qu\u2019\u00e0 l\u2019occasion d\u2019Id El Fitr pour l\u2019ann\u00e9e h\u00e9gire 1445, et sur la base des exigences de l\u2019article 37 de la Constitution, Son Excellence le Pr\u00e9sident de la R\u00e9publique a publi\u00e9 un d\u00e9cret r\u00e9duisant d\u2019un (1) an la p\u00e9riode de la peine effective de privative de libert\u00e9 pour tout condamn\u00e9 dont la condamnation a acquis l\u2019autorit\u00e9 de la chose jug\u00e9e avant le 11 mars 2024.<\/p>\n<p>Sont exclues de cette r\u00e9duction les personnes condamn\u00e9es pour des infractions li\u00e9es au meurtre, au terrorisme, au viol, \u00e0 la traite des \u00eatres humains, \u00e0 l\u2019esclavage, au trafic illicite de migrants, \u00e0 l\u2019incitation \u00e0 la haine et \u00e0 la discrimination, au d\u00e9tournement et \u00e0 la dilapidation de biens publics, \u00e0 la contrefa\u00e7on de monnaie, au transport, \u00e0 l\u2019importation, \u00e0 l\u2019exportation, \u00e0 l\u2019achat, \u00e0 la vente, au courtage ou \u00e0 la possession de drogues \u00e0 haut risque, \u00e0 l\u2019inimiti\u00e9 et \u00e0 l\u2019association malveillante de personnes.<\/p>\n<p>Cette mesure b\u00e9n\u00e9ficiera \u00e0 110 prisonniers, qui b\u00e9n\u00e9ficient d\u2019une lib\u00e9ration directe et permettra d\u2019avancer d\u2019un an complet la date de lib\u00e9ration d\u2019autres prisonniers.\u201d<br \/>\nAmi<\/p>\n","protected":false},"excerpt":{"rendered":"<p>La Pr\u00e9sidence de la R\u00e9publique a publi\u00e9, mardi, un d\u00e9cret r\u00e9duisant d\u2019un an la p\u00e9riode d\u2019emprisonnement de la peine privative de libert\u00e9 pour tout condamn\u00e9 dont la condamnation a acquis l\u2019autorit\u00e9 de la chose jug\u00e9e avant le 11 mars 2024, \u00e0 l\u2019occasion d\u2019Id El Fitr. Cette mesure permettra de mettre fin \u00e0 l\u2019emprisonnement de 110 &hellip;<\/p>\n","protected":false},"author":2,"featured_media":0,"comment_status":"open","ping_status":"open","sticky":false,"template":"","format":"standard","meta":{"footnotes":""},"categories":[18],"tags":[],"class_list":["post-9264","post","type-post","status-publish","format-standard","hentry","category-actualites"],"_links":{"self":[{"href":"https:\/\/ladepeche.mr\/index.php?rest_route=\/wp\/v2\/posts\/9264","targetHints":{"allow":["GET"]}}],"collection":[{"href":"https:\/\/ladepeche.mr\/index.php?rest_route=\/wp\/v2\/posts"}],"about":[{"href":"https:\/\/ladepeche.mr\/index.php?rest_route=\/wp\/v2\/types\/post"}],"author":[{"embeddable":true,"href":"https:\/\/ladepeche.mr\/index.php?rest_route=\/wp\/v2\/users\/2"}],"replies":[{"embeddable":true,"href":"https:\/\/ladepeche.mr\/index.php?rest_route=%2Fwp%2Fv2%2Fcomments&post=9264"}],"version-history":[{"count":1,"href":"https:\/\/ladepeche.mr\/index.php?rest_route=\/wp\/v2\/posts\/9264\/revisions"}],"predecessor-version":[{"id":9265,"href":"https:\/\/ladepeche.mr\/index.php?rest_route=\/wp\/v2\/posts\/9264\/revisions\/9265"}],"wp:attachment":[{"href":"https:\/\/ladepeche.mr\/index.php?rest_route=%2Fwp%2Fv2%2Fmedia&parent=9264"}],"wp:term":[{"taxonomy":"category","embeddable":true,"href":"https:\/\/ladepeche.mr\/index.php?rest_route=%2Fwp%2Fv2%2Fcategories&post=9264"},{"taxonomy":"post_tag","embeddable":true,"href":"https:\/\/ladepeche.mr\/index.php?rest_route=%2Fwp%2Fv2%2Ftags&post=9264"}],"curies":[{"name":"wp","href":"https:\/\/api.w.org\/{rel}","templated":true}]}}