{"id":9272,"date":"2024-04-14T12:46:29","date_gmt":"2024-04-14T12:46:29","guid":{"rendered":"https:\/\/ladepeche.mr\/?p=9272"},"modified":"2024-04-14T12:46:29","modified_gmt":"2024-04-14T12:46:29","slug":"iran-israel-les-images-de-lattaque-de-teheran-contre-letat-hebreu","status":"publish","type":"post","link":"https:\/\/ladepeche.mr\/?p=9272","title":{"rendered":"Iran-Isra\u00ebl : les images de l\u2019attaque de T\u00e9h\u00e9ran contre l\u2019Etat h\u00e9breu"},"content":{"rendered":"<p>L\u2019Iran a men\u00e9 une attaque a\u00e9rienne sans pr\u00e9c\u00e9dent dans la nuit du 13\u00a0au 14\u00a0avril, en riposte au bombardement de son consulat \u00e0 Damas survenu le 1\u1d49\u02b3\u00a0avril et attribu\u00e9 \u00e0 Isra\u00ebl.<\/p>\n<p>Dans la nuit du samedi\u00a013\u00a0au dimanche 14\u00a0avril, l\u2019Iran a men\u00e9 une attaque de drones et de missiles \u00e0 partir de son territoire vers Isra\u00ebl. Il s\u2019agit de la premi\u00e8re attaque iranienne visant directement l\u2019Etat h\u00e9breu.<\/p>\n<p class=\"article__paragraph \">L\u2019arm\u00e9e isra\u00e9lienne a affirm\u00e9 avoir\u00a0<em>\u00ab\u00a0d\u00e9jou\u00e9\u00a0\u00bb<\/em>\u00a0l\u2019attaque, en interceptant\u00a0<em>\u00ab\u00a099\u00a0% des tirs\u00a0\u00bb<\/em>\u00a0gr\u00e2ce \u00e0 son syst\u00e8me de d\u00e9fense et l\u2019aide de ses alli\u00e9s, et\u00a0<a href=\"https:\/\/www.lemonde.fr\/international\/live\/2024\/04\/14\/en-direct-iran-israel-l-armee-israelienne-affirme-avoir-dejoue-l-attaque-aerienne-sans-precedent-menee-par-teheran-avec-99-des-tirs-interceptes_6227672_3210.html?#id-1461420\">a signal\u00e9 une seule bless\u00e9e grave, une fillette de 7\u00a0ans<\/a>, touch\u00e9e \u00e0 la t\u00eate par un \u00e9clat d\u2019obus lanc\u00e9 pour intercepter un projectile iranien.<\/p>\n<p class=\"article__paragraph \">Dimanche matin, l\u2019Iran a estim\u00e9, par la voix du chef de ses forces arm\u00e9es, que l\u2019attaque men\u00e9e dans la nuit contre Isra\u00ebl avait\u00a0<em>\u00ab\u00a0atteint tous ses objectifs\u00a0\u00bb<\/em>.\u00a0<em>\u00ab\u00a0Nous n\u2019avons aucune intention de poursuivre cette op\u00e9ration, mais si le r\u00e9gime sioniste entreprend une action contre la R\u00e9publique islamique d\u2019Iran, que ce soit sur notre sol ou dans les centres nous appartenant en Syrie ou ailleurs, notre prochaine op\u00e9ration sera bien plus importante que celle-ci\u00a0\u00bb<\/em>, a pr\u00e9venu le g\u00e9n\u00e9ral Mohammad Bagheri.<\/p>\n<p>https:\/\/www.lemonde.fr\/international\/video\/2024\/04\/14\/iran-israel-les-images-de-l-attaque-de-teheran-contre-l-etat-hebreu_6227848_3210.html<\/p>\n","protected":false},"excerpt":{"rendered":"<p>L\u2019Iran a men\u00e9 une attaque a\u00e9rienne sans pr\u00e9c\u00e9dent dans la nuit du 13\u00a0au 14\u00a0avril, en riposte au bombardement de son consulat \u00e0 Damas survenu le 1\u1d49\u02b3\u00a0avril et attribu\u00e9 \u00e0 Isra\u00ebl. Dans la nuit du samedi\u00a013\u00a0au dimanche 14\u00a0avril, l\u2019Iran a men\u00e9 une attaque de drones et de missiles \u00e0 partir de son territoire vers Isra\u00ebl. Il &hellip;<\/p>\n","protected":false},"author":2,"featured_media":9273,"comment_status":"open","ping_status":"open","sticky":false,"template":"","format":"standard","meta":{"footnotes":""},"categories":[18,29],"tags":[],"class_list":["post-9272","post","type-post","status-publish","format-standard","has-post-thumbnail","hentry","category-actualites","category-monde"],"_links":{"self":[{"href":"https:\/\/ladepeche.mr\/index.php?rest_route=\/wp\/v2\/posts\/9272","targetHints":{"allow":["GET"]}}],"collection":[{"href":"https:\/\/ladepeche.mr\/index.php?rest_route=\/wp\/v2\/posts"}],"about":[{"href":"https:\/\/ladepeche.mr\/index.php?rest_route=\/wp\/v2\/types\/post"}],"author":[{"embeddable":true,"href":"https:\/\/ladepeche.mr\/index.php?rest_route=\/wp\/v2\/users\/2"}],"replies":[{"embeddable":true,"href":"https:\/\/ladepeche.mr\/index.php?rest_route=%2Fwp%2Fv2%2Fcomments&post=9272"}],"version-history":[{"count":1,"href":"https:\/\/ladepeche.mr\/index.php?rest_route=\/wp\/v2\/posts\/9272\/revisions"}],"predecessor-version":[{"id":9274,"href":"https:\/\/ladepeche.mr\/index.php?rest_route=\/wp\/v2\/posts\/9272\/revisions\/9274"}],"wp:featuredmedia":[{"embeddable":true,"href":"https:\/\/ladepeche.mr\/index.php?rest_route=\/wp\/v2\/media\/9273"}],"wp:attachment":[{"href":"https:\/\/ladepeche.mr\/index.php?rest_route=%2Fwp%2Fv2%2Fmedia&parent=9272"}],"wp:term":[{"taxonomy":"category","embeddable":true,"href":"https:\/\/ladepeche.mr\/index.php?rest_route=%2Fwp%2Fv2%2Fcategories&post=9272"},{"taxonomy":"post_tag","embeddable":true,"href":"https:\/\/ladepeche.mr\/index.php?rest_route=%2Fwp%2Fv2%2Ftags&post=9272"}],"curies":[{"name":"wp","href":"https:\/\/api.w.org\/{rel}","templated":true}]}}